{"id":39849,"date":"2025-10-21T21:21:22","date_gmt":"2025-10-21T21:21:22","guid":{"rendered":"https:\/\/radiocresatelital.com\/?p=39849"},"modified":"2025-10-21T21:21:22","modified_gmt":"2025-10-21T21:21:22","slug":"se-cancela-partido-entre-villarreal-y-fc-barcelona-en-miami","status":"publish","type":"post","link":"https:\/\/radiocresatelital.com\/?p=39849","title":{"rendered":"Se cancela partido entre Villarreal y FC Barcelona en Miami"},"content":{"rendered":"<p>Madrid.- La dirigencia de La Liga ha indicado que se cancela el plan para organizar en Miami, el compromiso entre Villarreal y Barcelona correspondiente a la decimos\u00e9ptima fecha del torneo de la primera divisi\u00f3n del f\u00fatbol espa\u00f1ol por el cambio de posici\u00f3n de las autoridades de Florida.<\/p>\n<p>La UEFA hab\u00eda concedido un permiso \u00abexcepcional\u00bb a la Real Federaci\u00f3n Espa\u00f1ola de F\u00fatbol (RFEF) para organizar el partido entre Villarreal y Barcelona en la ciudad estadounidense el 20 de diciembre.<\/p>\n<p>Pero la Liga de Espa\u00f1a, presidida por Javier Tebas, anunci\u00f3 este martes 21 que debe abandonar su proyecto de organizar el partido en Miami por un paso atr\u00e1s de las autoridades del estado de Florida.<\/p>\n<p>\u00abTras conversaciones con el organizador del partido de Miami, \u00e9ste anunci\u00f3 su decisi\u00f3n de cancelar el evento debido a la incertidumbre generada en las \u00faltimas semanas en Espa\u00f1a\u00bb, se lee en un comunicado de la Liga.<\/p>\n<p>El texto refiere adem\u00e1s el \u00abprofundo pesar\u00bb de la Liga por no poder aprovechar \u00abla oportunidad hist\u00f3rica\u00bb de celebrar por primera vez un partido del campeonato en el extranjero.<\/p>\n<p>\u00abEl proyecto cumpli\u00f3 plenamente con la normativa federal y no comprometi\u00f3 la integridad de la competici\u00f3n, tal como lo ratificaron las instituciones competentes\u00bb, a\u00f1ade el texto.<\/p>\n<p>\u00abEn un contexto de creciente competencia global, donde ligas como la Premier League y competiciones como la Champions League siguen aumentando su alcance y capacidad de generaci\u00f3n de ingresos, iniciativas como \u00e9sta son esenciales para garantizar la sostenibilidad y el crecimiento del f\u00fatbol espa\u00f1ol\u00bb, sostiene la Liga.<\/p>\n<p>\u00abAbandonarlas dificulta la generaci\u00f3n de nuevos ingresos, limita la capacidad de los clubes para invertir y competir, y reduce el alcance internacional de todo el ecosistema del f\u00fatbol espa\u00f1ol\u00bb, completa el comunicado.<\/p>\n<p>Antes del anuncio de la cancelaci\u00f3n, se inform\u00f3 que el Consejo Superior del Deporte (CSD) espa\u00f1ol evaluaba un reclamo que Real Madrid present\u00f3 para suspender el proyecto de la Liga de organizar en Miami el partido entre Villarreal y Barcelona.<\/p>\n<p>El organismo gubernamental espa\u00f1ol pidi\u00f3 informaci\u00f3n a la RFEF para evaluar si la organizaci\u00f3n en Estados Unidos del partido entre Villarreal y Barcelona representaba la violaci\u00f3n de normas o del reglamento.<\/p>\n<p>El CSD pretend\u00eda determinar si ten\u00eda la autoridad de avalar o prohibir la organizaci\u00f3n del partido afuera de Espa\u00f1a, un escenario negado por la Liga, que extendi\u00f3 su pedido a la RFEF para que consultara a la UEFA, que tambi\u00e9n concedi\u00f3 un permiso \u00abexcepcional\u00bb a la Federaci\u00f3n Italiana de F\u00fatbol (FIGC) para organizar en Perth, Australia, el partido entre Milan y Como previsto en febrero de 2026 por la fecha 24 de la Serie A.<\/p>\n<p>Los jugadores de la primera divisi\u00f3n del f\u00fatbol espa\u00f1ol volvieron a protestar el pasado fin de semana contra el plan de la liga de organizar el partido entre Barcelona y Villarreal en Miami.<\/p>\n<p>Los futbolistas protestaron con la postergaci\u00f3n de 15 segundos para el inicio de cada partido de la Liga tras el pitazo del \u00e1rbitro por la falta de informaci\u00f3n y comunicaci\u00f3n sobre la organizaci\u00f3n del duelo entre Villarreal y Barcelona en Miami.<\/p>\n<p>Las protestas se repitieron al inicio de los partidos Sevilla-Mallorca, Barcelona-Girona, Villarreal-Betis y Atl\u00e9tico Madrid-Osasuna disputados en la v\u00edspera por la novena fecha de la Liga.<\/p>\n<p>El diario espa\u00f1ol El Pa\u00eds inform\u00f3 sobre una carta enviada el pasado jueves 16 por Tebas al titular de la Asociaci\u00f3n de Futbolistas Espa\u00f1oles (AFE), David Aganzo, calificando la protesta de huelga y de inconstitucional porque viola las normas sobre plazos de preaviso y garant\u00edas relacionadas.<\/p>\n","protected":false},"excerpt":{"rendered":"<p>Madrid.- La dirigencia de La Liga ha indicado que se cancela el plan para organizar en Miami, el compromiso entre Villarreal y Barcelona correspondiente a la decimos\u00e9ptima fecha del torneo de la primera divisi\u00f3n del f\u00fatbol espa\u00f1ol por el cambio de posici\u00f3n de las autoridades de Florida. La UEFA hab\u00eda concedido un permiso \u00abexcepcional\u00bb a [&hellip;]<\/p>\n","protected":false},"author":2,"featured_media":39850,"comment_status":"open","ping_status":"closed","sticky":false,"template":"","format":"standard","meta":{"_jetpack_memberships_contains_paid_content":false,"footnotes":""},"categories":[7],"tags":[424,6325,6326],"class_list":["post-39849","post","type-post","status-publish","format-standard","has-post-thumbnail","hentry","category-futbol-internacional","tag-fc-barcelona","tag-laliga","tag-villerreal"],"jetpack_featured_media_url":"https:\/\/radiocresatelital.com\/wp-content\/uploads\/2025\/10\/barca-villarreal-laliga.jpeg","jetpack_sharing_enabled":true,"_links":{"self":[{"href":"https:\/\/radiocresatelital.com\/index.php?rest_route=\/wp\/v2\/posts\/39849","targetHints":{"allow":["GET"]}}],"collection":[{"href":"https:\/\/radiocresatelital.com\/index.php?rest_route=\/wp\/v2\/posts"}],"about":[{"href":"https:\/\/radiocresatelital.com\/index.php?rest_route=\/wp\/v2\/types\/post"}],"author":[{"embeddable":true,"href":"https:\/\/radiocresatelital.com\/index.php?rest_route=\/wp\/v2\/users\/2"}],"replies":[{"embeddable":true,"href":"https:\/\/radiocresatelital.com\/index.php?rest_route=%2Fwp%2Fv2%2Fcomments&post=39849"}],"version-history":[{"count":1,"href":"https:\/\/radiocresatelital.com\/index.php?rest_route=\/wp\/v2\/posts\/39849\/revisions"}],"predecessor-version":[{"id":39851,"href":"https:\/\/radiocresatelital.com\/index.php?rest_route=\/wp\/v2\/posts\/39849\/revisions\/39851"}],"wp:featuredmedia":[{"embeddable":true,"href":"https:\/\/radiocresatelital.com\/index.php?rest_route=\/wp\/v2\/media\/39850"}],"wp:attachment":[{"href":"https:\/\/radiocresatelital.com\/index.php?rest_route=%2Fwp%2Fv2%2Fmedia&parent=39849"}],"wp:term":[{"taxonomy":"category","embeddable":true,"href":"https:\/\/radiocresatelital.com\/index.php?rest_route=%2Fwp%2Fv2%2Fcategories&post=39849"},{"taxonomy":"post_tag","embeddable":true,"href":"https:\/\/radiocresatelital.com\/index.php?rest_route=%2Fwp%2Fv2%2Ftags&post=39849"}],"curies":[{"name":"wp","href":"https:\/\/api.w.org\/{rel}","templated":true}]}}