{"id":39823,"date":"2025-10-21T20:17:47","date_gmt":"2025-10-21T20:17:47","guid":{"rendered":"https:\/\/radiocresatelital.com\/?p=39823"},"modified":"2025-10-21T20:17:47","modified_gmt":"2025-10-21T20:17:47","slug":"guama-gana-para-el-movistar-best-pc-la-prueba-patate-pueblo-magico","status":"publish","type":"post","link":"https:\/\/radiocresatelital.com\/?p=39823","title":{"rendered":"Guam\u00e1 gana para el Movistar Best PC la prueba \u201cPatate Pueblo M\u00e1gico\u201d"},"content":{"rendered":"<p>Patate.- Uno de los l\u00edderes del Movistar Best PC, Byron Guam\u00e1, se adjudic\u00f3 el triunfo en la prueba \u201cPatate Pueblo M\u00e1gico\u201d, disputada este fin de semana en la localidad de Patate, perteneciente a la provincia de Tungurahua.<\/p>\n<p>Guam\u00e1, que ser\u00e1 uno de los integrantes del elenco Telef\u00f3nico en la 64\u00aa edici\u00f3n de la Vuelta Cicl\u00edstica a Guatemala, termin\u00f3 en la primera casilla tras 40 kil\u00f3metros de un duro trazado en medio de la serran\u00eda patate\u00f1a.<\/p>\n<p>\u201cFue un trayecto muy exigente, con subidas y bajadas muy t\u00e9cnicas. Lo importe fue que se disfrut\u00f3 y sirvi\u00f3 de preparaci\u00f3n para lo que ser\u00e1 la Vuelta a Guatemala\u201d, mencion\u00f3 El Patr\u00f3n, como se lo conoce al experimentado ciclista. Cabe destacar que su compa\u00f1ero Luis Monteros finaliz\u00f3 en el cuarto lugar.<\/p>\n<p>Ahora, el ciclista ecuatoriano se encuentra en la recta final de su preparaci\u00f3n para participar, junto a sus compa\u00f1eros del <strong>Movistar Best PC, <\/strong>en la Vuelta a Guatemala, que se cumplir\u00e1 del 24 de octubre al 2 de noviembre.<\/p>\n<p><strong>Huera y Obando logran podio en El Carchi<\/strong><\/p>\n<p>Entre tanto, otros corredores Telef\u00f3nicos Richar Huera y Bryan Obando ocuparon el podio de la clasificaci\u00f3n general de la prueba denominada Escalada al Polylepis, que es un bosque milenario situado al noroeste de la ciudad de El \u00c1ngel, en El Carchi.<\/p>\n<p>Huera, quien se ubic\u00f3 en el segundo lugar de la clasificaci\u00f3n general, manifest\u00f3 que el equipo utiliz\u00f3 esta competencia como parte de su preparaci\u00f3n para la Vuelta a Guatemala, su principal objetivo en el corto plazo. \u201cTomamos esta carrera como preparaci\u00f3n para la Vuelta a Guatemala, que es nuestro gran reto inmediato\u201d, se\u00f1al\u00f3 el actual campe\u00f3n de la Vuelta al Ecuador.<\/p>\n<p>Por su parte, Obando, quien se ubic\u00f3 en el tercer lugar de la competencia, se\u00f1al\u00f3 que \u201cha sido una carrera muy competitiva, pero estamos contentos con el resultado\u201d. El ciclista del <strong>Movistar Best PC<\/strong> se adjudic\u00f3 adem\u00e1s la tercera y \u00faltima etapa de la prueba, disputada el pasado domingo.<\/p>\n","protected":false},"excerpt":{"rendered":"<p>Patate.- Uno de los l\u00edderes del Movistar Best PC, Byron Guam\u00e1, se adjudic\u00f3 el triunfo en la prueba \u201cPatate Pueblo M\u00e1gico\u201d, disputada este fin de semana en la localidad de Patate, perteneciente a la provincia de Tungurahua. Guam\u00e1, que ser\u00e1 uno de los integrantes del elenco Telef\u00f3nico en la 64\u00aa edici\u00f3n de la Vuelta Cicl\u00edstica [&hellip;]<\/p>\n","protected":false},"author":2,"featured_media":39824,"comment_status":"open","ping_status":"closed","sticky":false,"template":"","format":"standard","meta":{"_jetpack_memberships_contains_paid_content":false,"footnotes":""},"categories":[120,9],"tags":[1135],"class_list":["post-39823","post","type-post","status-publish","format-standard","has-post-thumbnail","hentry","category-ciclismo","category-deportes","tag-movistar"],"jetpack_featured_media_url":"https:\/\/radiocresatelital.com\/wp-content\/uploads\/2025\/10\/WhatsApp-Image-2025-10-21-at-14.58.52.jpeg","jetpack_sharing_enabled":true,"_links":{"self":[{"href":"https:\/\/radiocresatelital.com\/index.php?rest_route=\/wp\/v2\/posts\/39823","targetHints":{"allow":["GET"]}}],"collection":[{"href":"https:\/\/radiocresatelital.com\/index.php?rest_route=\/wp\/v2\/posts"}],"about":[{"href":"https:\/\/radiocresatelital.com\/index.php?rest_route=\/wp\/v2\/types\/post"}],"author":[{"embeddable":true,"href":"https:\/\/radiocresatelital.com\/index.php?rest_route=\/wp\/v2\/users\/2"}],"replies":[{"embeddable":true,"href":"https:\/\/radiocresatelital.com\/index.php?rest_route=%2Fwp%2Fv2%2Fcomments&post=39823"}],"version-history":[{"count":1,"href":"https:\/\/radiocresatelital.com\/index.php?rest_route=\/wp\/v2\/posts\/39823\/revisions"}],"predecessor-version":[{"id":39825,"href":"https:\/\/radiocresatelital.com\/index.php?rest_route=\/wp\/v2\/posts\/39823\/revisions\/39825"}],"wp:featuredmedia":[{"embeddable":true,"href":"https:\/\/radiocresatelital.com\/index.php?rest_route=\/wp\/v2\/media\/39824"}],"wp:attachment":[{"href":"https:\/\/radiocresatelital.com\/index.php?rest_route=%2Fwp%2Fv2%2Fmedia&parent=39823"}],"wp:term":[{"taxonomy":"category","embeddable":true,"href":"https:\/\/radiocresatelital.com\/index.php?rest_route=%2Fwp%2Fv2%2Fcategories&post=39823"},{"taxonomy":"post_tag","embeddable":true,"href":"https:\/\/radiocresatelital.com\/index.php?rest_route=%2Fwp%2Fv2%2Ftags&post=39823"}],"curies":[{"name":"wp","href":"https:\/\/api.w.org\/{rel}","templated":true}]}}