{"id":39806,"date":"2025-10-21T19:06:15","date_gmt":"2025-10-21T19:06:15","guid":{"rendered":"https:\/\/radiocresatelital.com\/?p=39806"},"modified":"2025-10-21T19:06:15","modified_gmt":"2025-10-21T19:06:15","slug":"nuevas-canchas-para-la-fbf-a-traves-del-programa-conmebol-evolucion","status":"publish","type":"post","link":"https:\/\/radiocresatelital.com\/?p=39806","title":{"rendered":"Nuevas canchas para la FBF a trav\u00e9s del programa CONMEBOL Evoluci\u00f3n"},"content":{"rendered":"<p>La Paz.- El f\u00fatbol boliviano escribi\u00f3 un nuevo cap\u00edtulo en su desarrollo con la inauguraci\u00f3n, este lunes 20 de octubre, de las canchas de c\u00e9sped natural y sint\u00e9tico del Centro de Alto Rendimiento Casa de la Verde, una obra impulsada por el Programa CONMEBOL Evoluci\u00f3n que refuerza el compromiso con el crecimiento sostenido del f\u00fatbol sudamericano.<\/p>\n<p>Con la presencia del recientemente electo Presidente de Bolivia, Rodrigo Paz Pereira, del Presidente de la CONMEBOL, Alejandro Dom\u00ednguez, del Presidente de la FIFA, Gianni Infantino, y del Presidente de la FBF, Fernando Costa, se inaugur\u00f3 el Centro de Alto Rendimiento Casa de la Verde, una obra que refuerza el compromiso con el desarrollo integral del f\u00fatbol sudamericano mediante la inversi\u00f3n en infraestructura y formaci\u00f3n.<\/p>\n<p>Quiero felicitar a la dirigencia de la FBF, en especial a Fernando Costa, porque bajo su liderazgo este sue\u00f1o se hizo realidad. Esta obra es una muestra de lo que significa Creer en Grande y marcar\u00e1 un legado duradero, siendo la cuna de nuevas estrellas para el f\u00fatbol boliviano.<\/p>\n<p>Este proyecto marca un avance significativo en la infraestructura deportiva del f\u00fatbol boliviano, brindando un espacio moderno y adecuado para la preparaci\u00f3n en todas las categor\u00edas de la selecci\u00f3n boliviana.<\/p>\n<p>A trav\u00e9s del Programa CONMEBOL Evoluci\u00f3n, se destin\u00f3 un aporte de USD 1.519.550 para la construcci\u00f3n de las nuevas canchas, que se suman a la inversi\u00f3n inicial de USD 1.700.000 realizada en 2019 para la adquisici\u00f3n del terreno de cuatro hect\u00e1reas donde hoy se levanta el complejo.<\/p>\n<p>La iniciativa reafirma el compromiso de CONMEBOL con el crecimiento sostenible del f\u00fatbol sudamericano, fortaleciendo las bases para el desarrollo de talento, la formaci\u00f3n integral y la excelencia deportiva en cada pa\u00eds miembro.<\/p>\n<p>El proyecto Casa de la Verde representa el esp\u00edritu del programa CONMEBOL Evoluci\u00f3n: reinvertir en el f\u00fatbol para crear m\u00e1s y mejores oportunidades para las futuras generaciones.<\/p>\n<p><em><strong>TOMADO WWW.CONMEBOL.COM<\/strong><\/em><\/p>\n","protected":false},"excerpt":{"rendered":"<p>La Paz.- El f\u00fatbol boliviano escribi\u00f3 un nuevo cap\u00edtulo en su desarrollo con la inauguraci\u00f3n, este lunes 20 de octubre, de las canchas de c\u00e9sped natural y sint\u00e9tico del Centro de Alto Rendimiento Casa de la Verde, una obra impulsada por el Programa CONMEBOL Evoluci\u00f3n que refuerza el compromiso con el crecimiento sostenido del f\u00fatbol [&hellip;]<\/p>\n","protected":false},"author":2,"featured_media":39807,"comment_status":"open","ping_status":"closed","sticky":false,"template":"","format":"standard","meta":{"_jetpack_memberships_contains_paid_content":false,"footnotes":""},"categories":[9],"tags":[6314,6315],"class_list":["post-39806","post","type-post","status-publish","format-standard","has-post-thumbnail","hentry","category-deportes","tag-centro-de-alto-rendimiento-casa-de-la-verde","tag-programa-conmebol-evolucion"],"jetpack_featured_media_url":"https:\/\/radiocresatelital.com\/wp-content\/uploads\/2025\/10\/WhatsApp-Image-2025-10-21-at-08.50.36.jpeg","jetpack_sharing_enabled":true,"_links":{"self":[{"href":"https:\/\/radiocresatelital.com\/index.php?rest_route=\/wp\/v2\/posts\/39806","targetHints":{"allow":["GET"]}}],"collection":[{"href":"https:\/\/radiocresatelital.com\/index.php?rest_route=\/wp\/v2\/posts"}],"about":[{"href":"https:\/\/radiocresatelital.com\/index.php?rest_route=\/wp\/v2\/types\/post"}],"author":[{"embeddable":true,"href":"https:\/\/radiocresatelital.com\/index.php?rest_route=\/wp\/v2\/users\/2"}],"replies":[{"embeddable":true,"href":"https:\/\/radiocresatelital.com\/index.php?rest_route=%2Fwp%2Fv2%2Fcomments&post=39806"}],"version-history":[{"count":1,"href":"https:\/\/radiocresatelital.com\/index.php?rest_route=\/wp\/v2\/posts\/39806\/revisions"}],"predecessor-version":[{"id":39808,"href":"https:\/\/radiocresatelital.com\/index.php?rest_route=\/wp\/v2\/posts\/39806\/revisions\/39808"}],"wp:featuredmedia":[{"embeddable":true,"href":"https:\/\/radiocresatelital.com\/index.php?rest_route=\/wp\/v2\/media\/39807"}],"wp:attachment":[{"href":"https:\/\/radiocresatelital.com\/index.php?rest_route=%2Fwp%2Fv2%2Fmedia&parent=39806"}],"wp:term":[{"taxonomy":"category","embeddable":true,"href":"https:\/\/radiocresatelital.com\/index.php?rest_route=%2Fwp%2Fv2%2Fcategories&post=39806"},{"taxonomy":"post_tag","embeddable":true,"href":"https:\/\/radiocresatelital.com\/index.php?rest_route=%2Fwp%2Fv2%2Ftags&post=39806"}],"curies":[{"name":"wp","href":"https:\/\/api.w.org\/{rel}","templated":true}]}}