{"id":39780,"date":"2025-10-20T22:08:11","date_gmt":"2025-10-20T22:08:11","guid":{"rendered":"https:\/\/radiocresatelital.com\/?p=39780"},"modified":"2025-10-20T22:08:36","modified_gmt":"2025-10-20T22:08:36","slug":"parque-samanes-refuerza-su-sistema-de-seguridad-y-control-en-los-parqueaderos","status":"publish","type":"post","link":"https:\/\/radiocresatelital.com\/?p=39780","title":{"rendered":"Parque Samanes refuerza su sistema de seguridad y control en los parqueaderos"},"content":{"rendered":"<p>Guayaquil.- Como parte del modelo de administraci\u00f3n regulada implementado en los parqueaderos del Parque Samanes, se ha fortalecido la infraestructura tecnol\u00f3gica y operativa para garantizar mayor orden y seguridad a los usuarios.<\/p>\n<p>Actualmente, se encuentra en funcionamiento un sistema compuesto por aproximadamente 50 c\u00e1maras, entre c\u00e1maras elevadas con visi\u00f3n panor\u00e1mica, dispositivos de reconocimiento facial, lector de placas y monitoreo de motocicletas en todos los accesos y salidas, fortaleciendo as\u00ed la seguridad de los parqueos del parque.<\/p>\n<p>La estrategia de control se reforzar\u00e1 paulatinamente a la existente, con la instalaci\u00f3n de torres de monitoreo distribuidas estrat\u00e9gicamente en los parqueos, lo que permitir\u00e1 una supervisi\u00f3n permanente y automatizada. A esto se suma personal armado provisto por la empresa operadora, con dotaci\u00f3n ampliada durante eventos masivos para<br \/>\nincrementar la capacidad de respuesta.<\/p>\n<p>El sistema de cobro opera actualmente trav\u00e9s de cinco casetas por sector, con 15 minutos de gracia y m\u00faltiples formas de pago: efectivo, tarjeta de d\u00e9bito, cr\u00e9dito y transferencia.<\/p>\n<p>Adicionalmente, se implementar\u00e1n nuevas estaciones de pago en puntos estrat\u00e9gicos del parque como: Redondel de la Bandera, Letras y canchas previstas para entrar en funcionamiento en un plazo aproximado de 30 d\u00edas, con el fin de agilizar el flujo vehicular y evitar acumulaci\u00f3n en horas pico, especialmente durante fines de semana.<\/p>\n<p>El servicio tambi\u00e9n cuenta con conexi\u00f3n Wifi gratuita en las zonas cercanas a las casetas.<\/p>\n<p>Los usuarios cuentan con cobertura mediante p\u00f3liza de seguro contra robo y la opci\u00f3n de mensualidades para uso frecuente.<\/p>\n<p>Se recuerda a la ciudadan\u00eda que, por motivos de seguridad, ning\u00fan veh\u00edculo puede salir sin ticket, lo que permite prevenir robos y facilita la recuperaci\u00f3n en caso de incidentes.<\/p>\n<p>Este sistema de control se encuentra previsto dentro del convenio vigente y forma parte de los mecanismos de trazabilidad vehicular implementados.<\/p>\n<p>Con estas acciones, el Municipio de Guayaquil y la operadora consolidan un modelo que prioriza la protecci\u00f3n ciudadana, la seguridad preventiva y el orden dentro de uno de los espacios p\u00fablicos m\u00e1s concurridos de la ciudad.<\/p>\n","protected":false},"excerpt":{"rendered":"<p>Guayaquil.- Como parte del modelo de administraci\u00f3n regulada implementado en los parqueaderos del Parque Samanes, se ha fortalecido la infraestructura tecnol\u00f3gica y operativa para garantizar mayor orden y seguridad a los usuarios. Actualmente, se encuentra en funcionamiento un sistema compuesto por aproximadamente 50 c\u00e1maras, entre c\u00e1maras elevadas con visi\u00f3n panor\u00e1mica, dispositivos de reconocimiento facial, lector [&hellip;]<\/p>\n","protected":false},"author":2,"featured_media":39781,"comment_status":"open","ping_status":"closed","sticky":false,"template":"","format":"standard","meta":{"_jetpack_memberships_contains_paid_content":false,"footnotes":""},"categories":[33,13],"tags":[3091],"class_list":["post-39780","post","type-post","status-publish","format-standard","has-post-thumbnail","hentry","category-guayaquil","category-noticias-nacionales","tag-parque-samanes"],"jetpack_featured_media_url":"https:\/\/radiocresatelital.com\/wp-content\/uploads\/2025\/10\/IMG_5633-scaled.jpg","jetpack_sharing_enabled":true,"_links":{"self":[{"href":"https:\/\/radiocresatelital.com\/index.php?rest_route=\/wp\/v2\/posts\/39780","targetHints":{"allow":["GET"]}}],"collection":[{"href":"https:\/\/radiocresatelital.com\/index.php?rest_route=\/wp\/v2\/posts"}],"about":[{"href":"https:\/\/radiocresatelital.com\/index.php?rest_route=\/wp\/v2\/types\/post"}],"author":[{"embeddable":true,"href":"https:\/\/radiocresatelital.com\/index.php?rest_route=\/wp\/v2\/users\/2"}],"replies":[{"embeddable":true,"href":"https:\/\/radiocresatelital.com\/index.php?rest_route=%2Fwp%2Fv2%2Fcomments&post=39780"}],"version-history":[{"count":1,"href":"https:\/\/radiocresatelital.com\/index.php?rest_route=\/wp\/v2\/posts\/39780\/revisions"}],"predecessor-version":[{"id":39782,"href":"https:\/\/radiocresatelital.com\/index.php?rest_route=\/wp\/v2\/posts\/39780\/revisions\/39782"}],"wp:featuredmedia":[{"embeddable":true,"href":"https:\/\/radiocresatelital.com\/index.php?rest_route=\/wp\/v2\/media\/39781"}],"wp:attachment":[{"href":"https:\/\/radiocresatelital.com\/index.php?rest_route=%2Fwp%2Fv2%2Fmedia&parent=39780"}],"wp:term":[{"taxonomy":"category","embeddable":true,"href":"https:\/\/radiocresatelital.com\/index.php?rest_route=%2Fwp%2Fv2%2Fcategories&post=39780"},{"taxonomy":"post_tag","embeddable":true,"href":"https:\/\/radiocresatelital.com\/index.php?rest_route=%2Fwp%2Fv2%2Ftags&post=39780"}],"curies":[{"name":"wp","href":"https:\/\/api.w.org\/{rel}","templated":true}]}}