{"id":39771,"date":"2025-10-20T21:27:30","date_gmt":"2025-10-20T21:27:30","guid":{"rendered":"https:\/\/radiocresatelital.com\/?p=39771"},"modified":"2025-10-20T21:27:30","modified_gmt":"2025-10-20T21:27:30","slug":"jovenes-del-sur-de-guayaquil-se-capacitan-en-enfermeria-y-generan-oportunidades-de-trabajo","status":"publish","type":"post","link":"https:\/\/radiocresatelital.com\/?p=39771","title":{"rendered":"J\u00f3venes del sur de Guayaquil se capacitan en enfermer\u00eda y generan oportunidades de trabajo"},"content":{"rendered":"<p>Guayaquil.- Aplicar inyecciones, suturar o colocar sondas son algunas de las habilidades que ahora dominan 32 j\u00f3venes del sur de Guayaquil, gracias a los cursos gratuitos que dicta el Municipio. Tras 96 horas de capacitaci\u00f3n, los participantes est\u00e1n a punto de obtener sus certificados, que les abrir\u00e1n oportunidades reales de ingresos y desarrollo profesional.<\/p>\n<p>\u201cYo en alg\u00fan momento si pens\u00e9 en meterme en un instituto, pero me sal\u00eda un poco caro y no tengo la disponibilidad tampoco, entonces vi, me gust\u00f3 y quise inscribirme (\u2026) me ayuda con un poco de ingreso gan\u00e1ndolo de manera honrada\u201d, coment\u00f3 Franklin Cevichay, de 19 a\u00f1os, quien aprovech\u00f3 la convocatoria realizada por las redes sociales<br \/>\nde la Direcci\u00f3n de Vinculaci\u00f3n de Comunidad.<\/p>\n<p>Las clases se dictaron en las aulas del parque Stella Maris, mientras que otros cursos promovidos por la misma Direcci\u00f3n municipal se impartieron en casas comunales y espacios barriales, dise\u00f1ados para fomentar el desarrollo integral de la comunidad.<\/p>\n<p>Angy Gonz\u00e1lez, pr\u00f3xima a culminar su capacitaci\u00f3n, explic\u00f3 su motivaci\u00f3n: \u201cEn la parte particular si cuesta m\u00e1s de USD 300 el mismo curso de auxiliar de enfermer\u00eda\u201d.<\/p>\n<p>La Alcald\u00eda de Guayaquil cubre el costo de instructores e instalaciones, y tambi\u00e9n organiza ferias y activaciones en espacios c\u00f3modos y seguros, donde los graduados pueden ofrecer sus servicios y comenzar a generar ingresos.<\/p>\n<p>Estas acciones forman parte de la estrategia impulsada por el alcalde Aquiles Alvarez, centrada en invertir en las personas y promover el aprendizaje, la empleabilidad y el emprendimiento local. La red de talleres comunitarios incluye adem\u00e1s formaci\u00f3n en panader\u00eda, cocteler\u00eda, maquillaje y un nuevo curso de resina artesanal, en el que los participantes elaboran recuerdos, accesorios y objetos decorativos, fortaleciendo sus habilidades y su capacidad de generar ingresos de manera honrada.<\/p>\n","protected":false},"excerpt":{"rendered":"<p>Guayaquil.- Aplicar inyecciones, suturar o colocar sondas son algunas de las habilidades que ahora dominan 32 j\u00f3venes del sur de Guayaquil, gracias a los cursos gratuitos que dicta el Municipio. Tras 96 horas de capacitaci\u00f3n, los participantes est\u00e1n a punto de obtener sus certificados, que les abrir\u00e1n oportunidades reales de ingresos y desarrollo profesional. \u201cYo [&hellip;]<\/p>\n","protected":false},"author":2,"featured_media":39772,"comment_status":"open","ping_status":"closed","sticky":false,"template":"","format":"standard","meta":{"_jetpack_memberships_contains_paid_content":false,"footnotes":""},"categories":[33,13],"tags":[114],"class_list":["post-39771","post","type-post","status-publish","format-standard","has-post-thumbnail","hentry","category-guayaquil","category-noticias-nacionales","tag-municipio-de-guayaquil"],"jetpack_featured_media_url":"https:\/\/radiocresatelital.com\/wp-content\/uploads\/2025\/10\/DSC08688-scaled.jpg","jetpack_sharing_enabled":true,"_links":{"self":[{"href":"https:\/\/radiocresatelital.com\/index.php?rest_route=\/wp\/v2\/posts\/39771","targetHints":{"allow":["GET"]}}],"collection":[{"href":"https:\/\/radiocresatelital.com\/index.php?rest_route=\/wp\/v2\/posts"}],"about":[{"href":"https:\/\/radiocresatelital.com\/index.php?rest_route=\/wp\/v2\/types\/post"}],"author":[{"embeddable":true,"href":"https:\/\/radiocresatelital.com\/index.php?rest_route=\/wp\/v2\/users\/2"}],"replies":[{"embeddable":true,"href":"https:\/\/radiocresatelital.com\/index.php?rest_route=%2Fwp%2Fv2%2Fcomments&post=39771"}],"version-history":[{"count":1,"href":"https:\/\/radiocresatelital.com\/index.php?rest_route=\/wp\/v2\/posts\/39771\/revisions"}],"predecessor-version":[{"id":39773,"href":"https:\/\/radiocresatelital.com\/index.php?rest_route=\/wp\/v2\/posts\/39771\/revisions\/39773"}],"wp:featuredmedia":[{"embeddable":true,"href":"https:\/\/radiocresatelital.com\/index.php?rest_route=\/wp\/v2\/media\/39772"}],"wp:attachment":[{"href":"https:\/\/radiocresatelital.com\/index.php?rest_route=%2Fwp%2Fv2%2Fmedia&parent=39771"}],"wp:term":[{"taxonomy":"category","embeddable":true,"href":"https:\/\/radiocresatelital.com\/index.php?rest_route=%2Fwp%2Fv2%2Fcategories&post=39771"},{"taxonomy":"post_tag","embeddable":true,"href":"https:\/\/radiocresatelital.com\/index.php?rest_route=%2Fwp%2Fv2%2Ftags&post=39771"}],"curies":[{"name":"wp","href":"https:\/\/api.w.org\/{rel}","templated":true}]}}