{"id":39768,"date":"2025-10-20T21:24:47","date_gmt":"2025-10-20T21:24:47","guid":{"rendered":"https:\/\/radiocresatelital.com\/?p=39768"},"modified":"2025-10-20T21:24:47","modified_gmt":"2025-10-20T21:24:47","slug":"carlos-alcaraz-sera-parte-del-equipo-copa-davis-que-jugara-la-final","status":"publish","type":"post","link":"https:\/\/radiocresatelital.com\/?p=39768","title":{"rendered":"Carlos Alcaraz ser\u00e1 parte del Equipo Copa Davis que jugar\u00e1 la Final"},"content":{"rendered":"<p>Madrid.- El tenista, Carlos Alcaraz, quien es el n\u00famero uno de la ATP, integrar\u00e1 el equipo de Copa Davis de Espa\u00f1a\u00a0 que disputar\u00e1 la Final 8 de la Copa Davis\u00a0en Bolonia (Italia), del 19 al 23 de noviembre.<\/p>\n<p>Alcaraz, ganador este a\u00f1o de Roland Garros y el Abierto de Estados Unidos, entre otros, formar\u00e1 en el conjunto espa\u00f1ol junto a Jaume Munar, Pedro Mart\u00ednez, Marcel Granollers y un jugador m\u00e1s cuyo nombre se decidir\u00e1 la \u00faltima semana, seg\u00fan ha anunciado el seleccionador espa\u00f1ol David Ferrer, en una rueda de prensa en la sede del Consejo Superior de Deportes (CSD).<\/p>\n<figure class=\"wp-block-embed is-type-wp-embed is-provider-efe-noticias wp-block-embed-efe-noticias\"><\/figure>\n<p>De esta manera,\u00a0Alcaraz, que en el torneo cuenta con un balance de cinco victorias y una derrota, regresa con el combinado espa\u00f1ol tras perderse la \u00faltima eliminatoria que midi\u00f3 a los suyos contra Dinamarca, en Marbella, a la cual renunci\u00f3 por la \u00abfatiga muscular y mental\u00bb posterior a la conquista del Grand Slam en territorio estadounidense, el sexto de su carrera, el pasado mes de septiembre.<\/p>\n<p>Su baja en aquel cara a cara contra los daneses fue m\u00e1s que sensible, pero, a pesar de ella, Espa\u00f1a logr\u00f3 un meritorio triunfo, remontando un 0-2 adverso gracias sobre todo a la aportaci\u00f3n de Pedro Mart\u00ednez, que primero gan\u00f3 el dobles junto a Munar y despu\u00e9s se deshizo de Holger Rune, numero uno del rival. Finalmente, Pablo Carre\u00f1o remat\u00f3 la eliminatoria imponi\u00e9ndose a Elmer Moeller.<\/p>\n<p>El asturiano ser\u00e1, de momento, uno de los dos ausentes con respecto a la pasada convocatoria junto a Roberto Carball\u00e9s. Su lugar lo ocupar\u00e1n seguro Marcel Granollers, especialista en dobles que este 2025 ha ganado en dicha modalidad los dos mismos Grand Slams que Alcaraz, y otro nombre que se decidir\u00e1 en la \u00faltima semana.<\/p>\n<p>Ferrer no quiso dar pistas y dej\u00f3 todas las puertas abiertas, incluida la de que est\u00e9n uno de los dos ausentes en relaci\u00f3n al cruce de Marbella o el malague\u00f1o Alejandro Davidovich-Fokina, n\u00famero 18 del mundo y cuyo \u00faltimo partido en el torneo fue el pasado 11 de septiembre del 2023.<\/p>\n<p>Los elegidos afrontar\u00e1n una fase final de la Copa Davis en Bolonia en la que se estrenar\u00e1n en cuartos de final contra la Rep\u00fablica Checa. En caso de triunfo, su rival saldr\u00e1 del duelo entre Argentina y Alemania. Adem\u00e1s, en los dos duelos restantes entre los ocho mejores, Italia, anfitriona y vigente campeona, se medir\u00e1 a Austria y Francia a B\u00e9lgica.<\/p>\n<p>David Ferrer asegur\u00f3 estar \u00abcontento e ilusionado por competir\u00b7 en la Final 8 el torneo.<\/p>\n<p>Estar ahora mismo en las finales es algo que valoro much\u00edsimo. Las primeras espadas del tenis espa\u00f1ol no pudieron estar en la anterior eliminatoria, y los que estuvieron realizaron un esfuerzo enorme para llegar hasta aqu\u00ed. Estoy muy feliz, tanto como capit\u00e1n como por ellos, por vivir algo hist\u00f3rico. Estoy contento e ilusionado por competir\u00bb, dijo.<\/p>\n","protected":false},"excerpt":{"rendered":"<p>Madrid.- El tenista, Carlos Alcaraz, quien es el n\u00famero uno de la ATP, integrar\u00e1 el equipo de Copa Davis de Espa\u00f1a\u00a0 que disputar\u00e1 la Final 8 de la Copa Davis\u00a0en Bolonia (Italia), del 19 al 23 de noviembre. Alcaraz, ganador este a\u00f1o de Roland Garros y el Abierto de Estados Unidos, entre otros, formar\u00e1 en [&hellip;]<\/p>\n","protected":false},"author":2,"featured_media":39769,"comment_status":"open","ping_status":"closed","sticky":false,"template":"","format":"standard","meta":{"_jetpack_memberships_contains_paid_content":false,"footnotes":""},"categories":[736,9,64],"tags":[261,695],"class_list":["post-39768","post","type-post","status-publish","format-standard","has-post-thumbnail","hentry","category-copa-davis","category-deportes","category-tenis","tag-carlos-alcaraz","tag-copa-davis"],"jetpack_featured_media_url":"https:\/\/radiocresatelital.com\/wp-content\/uploads\/2025\/10\/16920079935836.jpg","jetpack_sharing_enabled":true,"_links":{"self":[{"href":"https:\/\/radiocresatelital.com\/index.php?rest_route=\/wp\/v2\/posts\/39768","targetHints":{"allow":["GET"]}}],"collection":[{"href":"https:\/\/radiocresatelital.com\/index.php?rest_route=\/wp\/v2\/posts"}],"about":[{"href":"https:\/\/radiocresatelital.com\/index.php?rest_route=\/wp\/v2\/types\/post"}],"author":[{"embeddable":true,"href":"https:\/\/radiocresatelital.com\/index.php?rest_route=\/wp\/v2\/users\/2"}],"replies":[{"embeddable":true,"href":"https:\/\/radiocresatelital.com\/index.php?rest_route=%2Fwp%2Fv2%2Fcomments&post=39768"}],"version-history":[{"count":1,"href":"https:\/\/radiocresatelital.com\/index.php?rest_route=\/wp\/v2\/posts\/39768\/revisions"}],"predecessor-version":[{"id":39770,"href":"https:\/\/radiocresatelital.com\/index.php?rest_route=\/wp\/v2\/posts\/39768\/revisions\/39770"}],"wp:featuredmedia":[{"embeddable":true,"href":"https:\/\/radiocresatelital.com\/index.php?rest_route=\/wp\/v2\/media\/39769"}],"wp:attachment":[{"href":"https:\/\/radiocresatelital.com\/index.php?rest_route=%2Fwp%2Fv2%2Fmedia&parent=39768"}],"wp:term":[{"taxonomy":"category","embeddable":true,"href":"https:\/\/radiocresatelital.com\/index.php?rest_route=%2Fwp%2Fv2%2Fcategories&post=39768"},{"taxonomy":"post_tag","embeddable":true,"href":"https:\/\/radiocresatelital.com\/index.php?rest_route=%2Fwp%2Fv2%2Ftags&post=39768"}],"curies":[{"name":"wp","href":"https:\/\/api.w.org\/{rel}","templated":true}]}}