{"id":39762,"date":"2025-10-20T18:07:11","date_gmt":"2025-10-20T18:07:11","guid":{"rendered":"https:\/\/radiocresatelital.com\/?p=39762"},"modified":"2025-10-20T21:08:56","modified_gmt":"2025-10-20T21:08:56","slug":"hospital-los-ceibos-impulsa-campana-unidos-por-la-deteccion-temprana","status":"publish","type":"post","link":"https:\/\/radiocresatelital.com\/?p=39762","title":{"rendered":"Hospital Los Ceibos impulsa campa\u00f1a \u00abUnidos por la detecci\u00f3n temprana\u00bb"},"content":{"rendered":"<p>Guayaquil.- Del 20 al 24 de octubre, en conmemoraci\u00f3n al D\u00eda Internacional de la Lucha contra el C\u00e1ncer de Mama, el Hospital General Los Ceibos realizar\u00e1 la campa\u00f1a \u00abUnidos por la detecci\u00f3n temprana\u00bb, con el prop\u00f3sito de realizar 200 mamograf\u00edas dirigidas a pacientes con factores de riesgo.<\/p>\n<p>Durante esta semana, el \u00e1rea de Ginecolog\u00eda identificar\u00e1 a mujeres mayores de 40 a\u00f1os que presenten antecedentes familiares de c\u00e1ncer de mama, lesiones mamarias, o que no se hayan realizado una mamograf\u00eda en los \u00faltimos dos a\u00f1os.<\/p>\n<p>La emisi\u00f3n de \u00f3rdenes de ex\u00e1menes estar\u00e1 a cargo de las \u00e1reas de Ginecolog\u00eda y Admisi\u00f3n, mientras que el servicio de Im\u00e1genes realizar\u00e1 las pruebas de diagn\u00f3stico, garantizando una atenci\u00f3n \u00e1gil, oportuna y centrada en la paciente.<\/p>\n<p>El 20 de octubre, en la entrada principal del \u00e1rea de Consulta Externa, se realizar\u00e1, de 9:00 a 12:00, una casa abierta con \u00e9nfasis en factores de riesgo y m\u00e9todos diagn\u00f3sticos del c\u00e1ncer de mama. Del 21 al 24 de octubre habr\u00e1 charlas de sensibilizaci\u00f3n dirigidas a usuarios, familiares y colaboradores.<\/p>\n<p>Seg\u00fan el Global Cancer Observatory (Globocan) 2022, en Ecuador se registraron 3903 nuevos casos de c\u00e1ncer de mama en mujeres, con una tasa de incidencia ajustada de 136,9 y una tasa de mortalidad de 7,1\u00a0 por cada 100 mil mujeres. Estas cifras refuerzan la importancia de promover una cultura de prevenci\u00f3n y diagn\u00f3stico temprano.<\/p>\n<p>Con estas acciones, el Hospital General Los Ceibos reafirma su compromiso con la salud integral de la mujer y su labor continua en favor del diagn\u00f3stico oportuno y la promoci\u00f3n de h\u00e1bitos saludables que contribuyan a reducir la incidencia del c\u00e1ncer de mama.<\/p>\n","protected":false},"excerpt":{"rendered":"<p>Guayaquil.- Del 20 al 24 de octubre, en conmemoraci\u00f3n al D\u00eda Internacional de la Lucha contra el C\u00e1ncer de Mama, el Hospital General Los Ceibos realizar\u00e1 la campa\u00f1a \u00abUnidos por la detecci\u00f3n temprana\u00bb, con el prop\u00f3sito de realizar 200 mamograf\u00edas dirigidas a pacientes con factores de riesgo. Durante esta semana, el \u00e1rea de Ginecolog\u00eda identificar\u00e1 [&hellip;]<\/p>\n","protected":false},"author":2,"featured_media":39763,"comment_status":"open","ping_status":"closed","sticky":false,"template":"","format":"standard","meta":{"_jetpack_memberships_contains_paid_content":false,"footnotes":""},"categories":[13],"tags":[6305,3781,6306],"class_list":["post-39762","post","type-post","status-publish","format-standard","has-post-thumbnail","hentry","category-noticias-nacionales","tag-dia-internacional-de-la-lucha-contra-el-cancer-de-mama","tag-hospital-general-los-ceibos","tag-unidos-por-la-deteccion-temprana"],"jetpack_featured_media_url":"https:\/\/radiocresatelital.com\/wp-content\/uploads\/2025\/10\/WhatsApp-Image-2025-10-16-at-19.23.25.jpeg","jetpack_sharing_enabled":true,"_links":{"self":[{"href":"https:\/\/radiocresatelital.com\/index.php?rest_route=\/wp\/v2\/posts\/39762","targetHints":{"allow":["GET"]}}],"collection":[{"href":"https:\/\/radiocresatelital.com\/index.php?rest_route=\/wp\/v2\/posts"}],"about":[{"href":"https:\/\/radiocresatelital.com\/index.php?rest_route=\/wp\/v2\/types\/post"}],"author":[{"embeddable":true,"href":"https:\/\/radiocresatelital.com\/index.php?rest_route=\/wp\/v2\/users\/2"}],"replies":[{"embeddable":true,"href":"https:\/\/radiocresatelital.com\/index.php?rest_route=%2Fwp%2Fv2%2Fcomments&post=39762"}],"version-history":[{"count":1,"href":"https:\/\/radiocresatelital.com\/index.php?rest_route=\/wp\/v2\/posts\/39762\/revisions"}],"predecessor-version":[{"id":39764,"href":"https:\/\/radiocresatelital.com\/index.php?rest_route=\/wp\/v2\/posts\/39762\/revisions\/39764"}],"wp:featuredmedia":[{"embeddable":true,"href":"https:\/\/radiocresatelital.com\/index.php?rest_route=\/wp\/v2\/media\/39763"}],"wp:attachment":[{"href":"https:\/\/radiocresatelital.com\/index.php?rest_route=%2Fwp%2Fv2%2Fmedia&parent=39762"}],"wp:term":[{"taxonomy":"category","embeddable":true,"href":"https:\/\/radiocresatelital.com\/index.php?rest_route=%2Fwp%2Fv2%2Fcategories&post=39762"},{"taxonomy":"post_tag","embeddable":true,"href":"https:\/\/radiocresatelital.com\/index.php?rest_route=%2Fwp%2Fv2%2Ftags&post=39762"}],"curies":[{"name":"wp","href":"https:\/\/api.w.org\/{rel}","templated":true}]}}