{"id":39756,"date":"2025-10-20T18:49:44","date_gmt":"2025-10-20T18:49:44","guid":{"rendered":"https:\/\/radiocresatelital.com\/?p=39756"},"modified":"2025-10-20T20:51:10","modified_gmt":"2025-10-20T20:51:10","slug":"mes-de-la-vision-una-revision-ocular-en-la-ninez-puede-cambiar-su-futuro","status":"publish","type":"post","link":"https:\/\/radiocresatelital.com\/?p=39756","title":{"rendered":"Mes de la Visi\u00f3n: una revisi\u00f3n ocular en la ni\u00f1ez puede cambiar su futuro"},"content":{"rendered":"<p>Quito.- En el marco del Mes de la Visi\u00f3n, y previo al D\u00eda Mundial de la Visi\u00f3n que se conmemora cada segundo jueves de octubre, es vital resaltar la importancia de los controles oftalmol\u00f3gicos desde la infancia. Seg\u00fan la Organizaci\u00f3n Mundial de la Salud, a escala global, se estima que al menos 2.200 millones de personas tienen alguna deficiencia visual, y cerca de 1.000 millones de casos podr\u00eda prevenirse o tratarse con intervenciones simples. En Ecuador, la prevalencia de ceguera infantil prevenible se sit\u00faa en aproximadamente 0,6 por mil ni\u00f1os.<\/p>\n<p>Seg\u00fan la Dra. Andrea Molinari, especialista oftalm\u00f3loga pediatra y voluntaria de Fundaci\u00f3n Metrofraternidad, los chequeos visuales peri\u00f3dicos son esenciales incluso cuando no hay s\u00edntomas evidentes, pues los ni\u00f1os rara vez expresan molestias visuales, especialmente si el defecto est\u00e1 en un solo ojo. Los chequeos deben realizarse desde las primeras etapas de vida, siguiendo este esquema recomendado:<\/p>\n<ul>\n<li>La primera valoraci\u00f3n oftalmol\u00f3gica debe complementarse con el examen del pediatra al nacer.<\/li>\n<li>Es recomendable realizar una evaluaci\u00f3n con un oftalm\u00f3logo pedi\u00e1tra idealmente antes del primer a\u00f1o de vida, ya que cuenta con el equipamiento para examinar el ojo del ni\u00f1o.<\/li>\n<li>El primer examen formal de visi\u00f3n deber\u00eda efectuarse alrededor de los 3 a\u00f1os, cuando el ni\u00f1o ya puede colaborar en las pruebas visuales.<\/li>\n<li>A partir de esa edad, se aconseja realizar controles oftalmol\u00f3gicos anuales hasta la adolescencia.<\/li>\n<\/ul>\n<p>Durante una revisi\u00f3n visual infantil, se eval\u00faan diversos par\u00e1metros: agudeza visual, reflejos pupilares, motilidad ocular, salud externa del ojo, presi\u00f3n intraocular<u>,<\/u> cuando es necesario, refracci\u00f3n tras dilataci\u00f3n y examen del fondo de ojo. Entre los problemas m\u00e1s detectados en ni\u00f1os y adolescentes se incluyen: errores refractivos (miop\u00eda, hipermetrop\u00eda, astigmatismo), estrabismo, conjuntivitis, blefaritis y alergias oculares. En beb\u00e9s es frecuente ver obstrucci\u00f3n lagrimal y estrabismo.<\/p>\n<p>La falta de diagn\u00f3stico a tiempo puede afectar el desempe\u00f1o escolar, producir fatiga visual, cefaleas y, en los casos m\u00e1s graves, ambliop\u00eda, conocida com\u00fanmente como \u201cojo vago\u201d. Esta \u00faltima condici\u00f3n, si no se corrige antes de los 8 a\u00f1os, puede volverse irreversible. En Ecuador, estudios indican que la ambliop\u00eda tiene una prevalencia de entre 2% y 7% en edad escolar; en algunos casos, corregirla a tiempo logra mejoras en hasta el 90% de los casos, seg\u00fan un estudio realizado en la Universidad T\u00e9cnica de Manab\u00ed.<\/p>\n<p>Otro factor clave en la p\u00e9rdida de salud visual es el uso excesivo de pantallas. Puede provocar ojo seco, favorecer el desarrollo de miop\u00eda y en algunos casos desencadenar estrabismo. Por eso<u>,<\/u> las gu\u00edas de salud visual, como las de la Academia Americana de Pediatr\u00eda, recomiendan no permitir pantallas en menores de 2 a\u00f1os, limitar su uso a 1 hora diaria hasta los 5 a\u00f1os y a 2 horas como m\u00e1ximo en los escolares mayores.<\/p>\n<p>Para prevenir da\u00f1os visuales desde la infancia, la Dra. Andrea Molinari recomienda h\u00e1bitos simples pero efectivos:<\/p>\n<ul>\n<li>Leer con buena iluminaci\u00f3n<\/li>\n<li>Hacer pausas activas durante el uso de dispositivos (cada 20 minutos, descansar 20 segundos mirando a lo lejos o cerrando los ojos)<\/li>\n<li>Mantener higiene ocular<\/li>\n<li>Y consumir una alimentaci\u00f3n rica en vitaminas y antioxidantes.<\/li>\n<\/ul>\n<p>Con 39 a\u00f1os de trayectoria, Fundaci\u00f3n Metrofraternidad reafirma su compromiso de facilitar el acceso a la salud pedi\u00e1trica de alta especialidad. La instituci\u00f3n cuenta con un consultorio de oftalmolog\u00eda pedi\u00e1trica que brinda m\u00e1s de 1.700 consultas especializadas al a\u00f1o, a las que se puede acceder con un aporte simb\u00f3lico de $10, que cubre la atenci\u00f3n oftalmol\u00f3gica integral durante un mes. Adem\u00e1s, anualmente se realizan m\u00e1s de 90 cirug\u00edas de alta complejidad en oftalmolog\u00eda pedi\u00e1trica.<\/p>\n","protected":false},"excerpt":{"rendered":"<p>Quito.- En el marco del Mes de la Visi\u00f3n, y previo al D\u00eda Mundial de la Visi\u00f3n que se conmemora cada segundo jueves de octubre, es vital resaltar la importancia de los controles oftalmol\u00f3gicos desde la infancia. Seg\u00fan la Organizaci\u00f3n Mundial de la Salud, a escala global, se estima que al menos 2.200 millones de [&hellip;]<\/p>\n","protected":false},"author":2,"featured_media":39757,"comment_status":"open","ping_status":"closed","sticky":false,"template":"","format":"standard","meta":{"_jetpack_memberships_contains_paid_content":false,"footnotes":""},"categories":[13],"tags":[1004,6303],"class_list":["post-39756","post","type-post","status-publish","format-standard","has-post-thumbnail","hentry","category-noticias-nacionales","tag-dia-mundial-de-la-vision","tag-mes-de-la-vision"],"jetpack_featured_media_url":"https:\/\/radiocresatelital.com\/wp-content\/uploads\/2025\/10\/metro-2.png","jetpack_sharing_enabled":true,"_links":{"self":[{"href":"https:\/\/radiocresatelital.com\/index.php?rest_route=\/wp\/v2\/posts\/39756","targetHints":{"allow":["GET"]}}],"collection":[{"href":"https:\/\/radiocresatelital.com\/index.php?rest_route=\/wp\/v2\/posts"}],"about":[{"href":"https:\/\/radiocresatelital.com\/index.php?rest_route=\/wp\/v2\/types\/post"}],"author":[{"embeddable":true,"href":"https:\/\/radiocresatelital.com\/index.php?rest_route=\/wp\/v2\/users\/2"}],"replies":[{"embeddable":true,"href":"https:\/\/radiocresatelital.com\/index.php?rest_route=%2Fwp%2Fv2%2Fcomments&post=39756"}],"version-history":[{"count":1,"href":"https:\/\/radiocresatelital.com\/index.php?rest_route=\/wp\/v2\/posts\/39756\/revisions"}],"predecessor-version":[{"id":39758,"href":"https:\/\/radiocresatelital.com\/index.php?rest_route=\/wp\/v2\/posts\/39756\/revisions\/39758"}],"wp:featuredmedia":[{"embeddable":true,"href":"https:\/\/radiocresatelital.com\/index.php?rest_route=\/wp\/v2\/media\/39757"}],"wp:attachment":[{"href":"https:\/\/radiocresatelital.com\/index.php?rest_route=%2Fwp%2Fv2%2Fmedia&parent=39756"}],"wp:term":[{"taxonomy":"category","embeddable":true,"href":"https:\/\/radiocresatelital.com\/index.php?rest_route=%2Fwp%2Fv2%2Fcategories&post=39756"},{"taxonomy":"post_tag","embeddable":true,"href":"https:\/\/radiocresatelital.com\/index.php?rest_route=%2Fwp%2Fv2%2Ftags&post=39756"}],"curies":[{"name":"wp","href":"https:\/\/api.w.org\/{rel}","templated":true}]}}