{"id":39723,"date":"2025-10-20T19:55:55","date_gmt":"2025-10-20T19:55:55","guid":{"rendered":"https:\/\/radiocresatelital.com\/?p=39723"},"modified":"2025-10-20T19:55:55","modified_gmt":"2025-10-20T19:55:55","slug":"municipio-y-policia-intensifican-operativos-contra-fiestas-clandestinas-y-mal-uso-del-espacio-publico","status":"publish","type":"post","link":"https:\/\/radiocresatelital.com\/?p=39723","title":{"rendered":"Municipio y Polic\u00eda intensifican operativos contra fiestas clandestinas y mal uso del espacio p\u00fablico"},"content":{"rendered":"<p>Guayaquil.- En respuesta a denuncias ciudadanas por fiestas clandestinas, exceso de ruido y ocupaci\u00f3n indebida del espacio p\u00fablico, la Direcci\u00f3n General de Justicia y Vigilancia, en coordinaci\u00f3n con Segura EP y la Polic\u00eda Nacional, desarroll\u00f3 un operativo interinstitucional en el suburbio de Guayaquil. La intervenci\u00f3n, que se realiz\u00f3 la noche del 19 de octubre, se concentr\u00f3 en los sectores comprendidos entre las calles 15 y la K, as\u00ed como en el Cisne 2.<\/p>\n<p>Las autoridades atendieron diversas novedades relacionadas con la realizaci\u00f3n de fiestas clandestinas, expendio de bebidas alcoh\u00f3licas y el alto volumen de parlantes.<\/p>\n<p>Estas acciones permitieron intervenir alrededor de 15 viviendas y 3 establecimientos comerciales.<\/p>\n<p>A los propietarios de los inmuebles y representantes de negocios se les record\u00f3 la importancia de cumplir con las ordenanzas municipales, dise\u00f1adas para preservar la convivencia ciudadana, el orden p\u00fablico y la seguridad en los barrios.<\/p>\n<p>En el marco de sus competencias, el Municipio abrir\u00e1 los correspondientes expedientes administrativos sancionadores por el incumplimiento de las normativas locales. Estas acciones forman parte de los controles permanentes que impulsan las autoridades para garantizar espacios seguros, ordenados y en armon\u00eda con la comunidad.<\/p>\n<p>El Cabildo reafirma su compromiso con la seguridad ciudadana y el cumplimiento de las ordenanzas, trabajando de manera articulada con las instituciones de control para mantener la tranquilidad en todos los sectores del cant\u00f3n.<\/p>\n","protected":false},"excerpt":{"rendered":"<p>Guayaquil.- En respuesta a denuncias ciudadanas por fiestas clandestinas, exceso de ruido y ocupaci\u00f3n indebida del espacio p\u00fablico, la Direcci\u00f3n General de Justicia y Vigilancia, en coordinaci\u00f3n con Segura EP y la Polic\u00eda Nacional, desarroll\u00f3 un operativo interinstitucional en el suburbio de Guayaquil. La intervenci\u00f3n, que se realiz\u00f3 la noche del 19 de octubre, se [&hellip;]<\/p>\n","protected":false},"author":2,"featured_media":39724,"comment_status":"open","ping_status":"closed","sticky":false,"template":"","format":"standard","meta":{"_jetpack_memberships_contains_paid_content":false,"footnotes":""},"categories":[33,13],"tags":[362,785],"class_list":["post-39723","post","type-post","status-publish","format-standard","has-post-thumbnail","hentry","category-guayaquil","category-noticias-nacionales","tag-policia-nacional","tag-segura-ep"],"jetpack_featured_media_url":"https:\/\/radiocresatelital.com\/wp-content\/uploads\/2025\/10\/1-3.jpg","jetpack_sharing_enabled":true,"_links":{"self":[{"href":"https:\/\/radiocresatelital.com\/index.php?rest_route=\/wp\/v2\/posts\/39723","targetHints":{"allow":["GET"]}}],"collection":[{"href":"https:\/\/radiocresatelital.com\/index.php?rest_route=\/wp\/v2\/posts"}],"about":[{"href":"https:\/\/radiocresatelital.com\/index.php?rest_route=\/wp\/v2\/types\/post"}],"author":[{"embeddable":true,"href":"https:\/\/radiocresatelital.com\/index.php?rest_route=\/wp\/v2\/users\/2"}],"replies":[{"embeddable":true,"href":"https:\/\/radiocresatelital.com\/index.php?rest_route=%2Fwp%2Fv2%2Fcomments&post=39723"}],"version-history":[{"count":1,"href":"https:\/\/radiocresatelital.com\/index.php?rest_route=\/wp\/v2\/posts\/39723\/revisions"}],"predecessor-version":[{"id":39725,"href":"https:\/\/radiocresatelital.com\/index.php?rest_route=\/wp\/v2\/posts\/39723\/revisions\/39725"}],"wp:featuredmedia":[{"embeddable":true,"href":"https:\/\/radiocresatelital.com\/index.php?rest_route=\/wp\/v2\/media\/39724"}],"wp:attachment":[{"href":"https:\/\/radiocresatelital.com\/index.php?rest_route=%2Fwp%2Fv2%2Fmedia&parent=39723"}],"wp:term":[{"taxonomy":"category","embeddable":true,"href":"https:\/\/radiocresatelital.com\/index.php?rest_route=%2Fwp%2Fv2%2Fcategories&post=39723"},{"taxonomy":"post_tag","embeddable":true,"href":"https:\/\/radiocresatelital.com\/index.php?rest_route=%2Fwp%2Fv2%2Ftags&post=39723"}],"curies":[{"name":"wp","href":"https:\/\/api.w.org\/{rel}","templated":true}]}}