{"id":3968,"date":"2023-09-09T20:49:14","date_gmt":"2023-09-09T20:49:14","guid":{"rendered":"https:\/\/radiocresatelital.com\/?p=3968"},"modified":"2023-09-09T20:49:14","modified_gmt":"2023-09-09T20:49:14","slug":"msp-fortalece-el-primer-nivel-de-atencion-con-5-346-profesionales-que-inician-su-ano-de-salud-rural","status":"publish","type":"post","link":"https:\/\/radiocresatelital.com\/?p=3968","title":{"rendered":"MSP fortalece el primer nivel de atenci\u00f3n con 5.346 profesionales que inician su a\u00f1o de salud rural"},"content":{"rendered":"<p>Quito.- Los servicios de salud en 1.289 establecimientos de primer nivel de atenci\u00f3n que forman parte del Ministerio de Salud P\u00fablica (MSP) se fortalecen con el ingreso de 5.346 profesionales de salud rural, que iniciaron sus funciones desde el 8 de septiembre de 2023 y culmina en agosto de 2024.<\/p>\n<p>El a\u00f1o de salud rural est\u00e1 vigente en Ecuador desde 1970 como un requisito para la habilitaci\u00f3n profesional. Adem\u00e1s, constituye la puerta de entrada al Sistema Nacional de Salud (SNS) permitiendo a los profesionales familiarizarse con la realidad socio-econ\u00f3mico y diversidad cultural del pa\u00eds.<\/p>\n<p>De los 5.346 profesionales de la salud que postularon 2.271 brindar\u00e1n sus servicios en el \u00e1rea de medicina (42,48%), 1.905 en enfermer\u00eda (35,63%), 1.059 en odontolog\u00eda (19,81%) y 111 en obstetricia (2,08%).<\/p>\n<p>El ingreso de los profesionales cubrir\u00e1 necesidades sanitarias de la poblaci\u00f3n en los lugares m\u00e1s apartados del Ecuador, fortaleciendo la implementaci\u00f3n del Plan Decenal de Salud con acciones de promoci\u00f3n de salud, prevenci\u00f3n de enfermedades, procesos de vacunaci\u00f3n, atenci\u00f3n integral, rehabilitaci\u00f3n, cuidados paliativos; especialmente a poblaciones vulnerables, mujeres embarazadas, ni\u00f1os y ni\u00f1as, adultos mayores y personas con discapacidad con \u00e9nfasis en salud mental y enfoque intercultural.<\/p>\n<p>Los profesionales de salud rural estar\u00e1n presentes en las 24 provincias del pa\u00eds de acuerdo al siguiente detalle:<\/p>\n<figure class=\"wp-block-table\">\n<table>\n<thead>\n<tr>\n<td><strong>COORDINACI\u00d3N ZONAL DE SALUD<\/strong><\/td>\n<td><strong>PROVINCIA<\/strong><\/td>\n<td><strong>PROFESIONALES<\/strong><\/td>\n<\/tr>\n<\/thead>\n<tbody>\n<tr>\n<td rowspan=\"4\">CZ1<\/td>\n<td>Carchi<\/td>\n<td>146<\/td>\n<\/tr>\n<tr>\n<td>Esmeraldas<\/td>\n<td>200<\/td>\n<\/tr>\n<tr>\n<td>Imbabura<\/td>\n<td>178<\/td>\n<\/tr>\n<tr>\n<td>Sucumb\u00edos<\/td>\n<td>250<\/td>\n<\/tr>\n<tr>\n<td colspan=\"2\"><strong>\u00a0<\/strong><\/td>\n<td><strong>774<\/strong><\/td>\n<\/tr>\n<tr>\n<td rowspan=\"3\">CZ2<\/td>\n<td>Napo<\/td>\n<td>97<\/td>\n<\/tr>\n<tr>\n<td>Orellana<\/td>\n<td>212<\/td>\n<\/tr>\n<tr>\n<td>Pichincha<\/td>\n<td>163<\/td>\n<\/tr>\n<tr>\n<td colspan=\"2\"><\/td>\n<td><strong>472<\/strong><\/td>\n<\/tr>\n<tr>\n<td rowspan=\"4\">CZ3<\/td>\n<td>Chimborazo<\/td>\n<td>302<\/td>\n<\/tr>\n<tr>\n<td>Cotopaxi<\/td>\n<td>204<\/td>\n<\/tr>\n<tr>\n<td>Pastaza<\/td>\n<td>130<\/td>\n<\/tr>\n<tr>\n<td>Tungurahua<\/td>\n<td>211<\/td>\n<\/tr>\n<tr>\n<td colspan=\"2\"><\/td>\n<td><strong>847<\/strong><\/td>\n<\/tr>\n<tr>\n<td rowspan=\"2\">CZ4<\/td>\n<td>Manab\u00ed<\/td>\n<td>645<\/td>\n<\/tr>\n<tr>\n<td>Santo Domingo de los Ts\u00e1chilas<\/td>\n<td>72<\/td>\n<\/tr>\n<tr>\n<td colspan=\"2\"><\/td>\n<td><strong>717<\/strong><\/td>\n<\/tr>\n<tr>\n<td rowspan=\"5\">CZ5<\/td>\n<td>Bol\u00edvar<\/td>\n<td>191<\/td>\n<\/tr>\n<tr>\n<td>Gal\u00e1pagos<\/td>\n<td>26<\/td>\n<\/tr>\n<tr>\n<td>Guayas<\/td>\n<td>294<\/td>\n<\/tr>\n<tr>\n<td>Los R\u00edos<\/td>\n<td>192<\/td>\n<\/tr>\n<tr>\n<td>Santa Elena<\/td>\n<td>40<\/td>\n<\/tr>\n<tr>\n<td colspan=\"2\"><\/td>\n<td><strong>743<\/strong><\/td>\n<\/tr>\n<tr>\n<td rowspan=\"3\">CZ6<\/td>\n<td>Azuay<\/td>\n<td>364<\/td>\n<\/tr>\n<tr>\n<td>Ca\u00f1ar<\/td>\n<td>243<\/td>\n<\/tr>\n<tr>\n<td>Morona Santiago<\/td>\n<td>340<\/td>\n<\/tr>\n<tr>\n<td colspan=\"2\"><\/td>\n<td><strong>947<\/strong><\/td>\n<\/tr>\n<tr>\n<td rowspan=\"3\">CZ7<\/td>\n<td>El Oro<\/td>\n<td>178<\/td>\n<\/tr>\n<tr>\n<td>Loja<\/td>\n<td>323<\/td>\n<\/tr>\n<tr>\n<td>Zamora Chinchipe<\/td>\n<td>109<\/td>\n<\/tr>\n<tr>\n<td colspan=\"2\"><\/td>\n<td><strong>610<\/strong><\/td>\n<\/tr>\n<tr>\n<td>CZ8<\/td>\n<td>Guayas (Cantones Guayaquil, Dur\u00e1n Y Samborond\u00f3n)<\/td>\n<td>180<\/td>\n<\/tr>\n<tr>\n<td colspan=\"2\"><\/td>\n<td><strong>180<\/strong><\/td>\n<\/tr>\n<tr>\n<td>CZ9<\/td>\n<td>Pichincha (Distrito Metropolitano de Quito)<\/td>\n<td>56<\/td>\n<\/tr>\n<tr>\n<td colspan=\"2\"><\/td>\n<td><strong>56<\/strong><\/td>\n<\/tr>\n<tr>\n<td colspan=\"2\"><strong>Total general<\/strong><\/td>\n<td><strong>5.346<\/strong><\/td>\n<\/tr>\n<\/tbody>\n<\/table>\n<\/figure>\n","protected":false},"excerpt":{"rendered":"<p>Quito.- Los servicios de salud en 1.289 establecimientos de primer nivel de atenci\u00f3n que forman parte del Ministerio de Salud P\u00fablica (MSP) se fortalecen con el ingreso de 5.346 profesionales de salud rural, que iniciaron sus funciones desde el 8 de septiembre de 2023 y culmina en agosto de 2024. El a\u00f1o de salud rural [&hellip;]<\/p>\n","protected":false},"author":2,"featured_media":3969,"comment_status":"open","ping_status":"closed","sticky":false,"template":"","format":"standard","meta":{"_jetpack_memberships_contains_paid_content":false,"footnotes":""},"categories":[13],"tags":[148],"class_list":["post-3968","post","type-post","status-publish","format-standard","has-post-thumbnail","hentry","category-noticias-nacionales","tag-ministerio-de-salud-publica"],"jetpack_featured_media_url":"https:\/\/radiocresatelital.com\/wp-content\/uploads\/2023\/09\/Sorteo-del-ano-de-salud-rural-2019-2020-sera-presencial_interior_17-07-2019.jpg","jetpack_sharing_enabled":true,"_links":{"self":[{"href":"https:\/\/radiocresatelital.com\/index.php?rest_route=\/wp\/v2\/posts\/3968","targetHints":{"allow":["GET"]}}],"collection":[{"href":"https:\/\/radiocresatelital.com\/index.php?rest_route=\/wp\/v2\/posts"}],"about":[{"href":"https:\/\/radiocresatelital.com\/index.php?rest_route=\/wp\/v2\/types\/post"}],"author":[{"embeddable":true,"href":"https:\/\/radiocresatelital.com\/index.php?rest_route=\/wp\/v2\/users\/2"}],"replies":[{"embeddable":true,"href":"https:\/\/radiocresatelital.com\/index.php?rest_route=%2Fwp%2Fv2%2Fcomments&post=3968"}],"version-history":[{"count":1,"href":"https:\/\/radiocresatelital.com\/index.php?rest_route=\/wp\/v2\/posts\/3968\/revisions"}],"predecessor-version":[{"id":3970,"href":"https:\/\/radiocresatelital.com\/index.php?rest_route=\/wp\/v2\/posts\/3968\/revisions\/3970"}],"wp:featuredmedia":[{"embeddable":true,"href":"https:\/\/radiocresatelital.com\/index.php?rest_route=\/wp\/v2\/media\/3969"}],"wp:attachment":[{"href":"https:\/\/radiocresatelital.com\/index.php?rest_route=%2Fwp%2Fv2%2Fmedia&parent=3968"}],"wp:term":[{"taxonomy":"category","embeddable":true,"href":"https:\/\/radiocresatelital.com\/index.php?rest_route=%2Fwp%2Fv2%2Fcategories&post=3968"},{"taxonomy":"post_tag","embeddable":true,"href":"https:\/\/radiocresatelital.com\/index.php?rest_route=%2Fwp%2Fv2%2Ftags&post=3968"}],"curies":[{"name":"wp","href":"https:\/\/api.w.org\/{rel}","templated":true}]}}