{"id":39675,"date":"2025-10-19T21:49:40","date_gmt":"2025-10-19T21:49:40","guid":{"rendered":"https:\/\/radiocresatelital.com\/?p=39675"},"modified":"2025-10-19T21:49:40","modified_gmt":"2025-10-19T21:49:40","slug":"family-day-transformo-el-barrio-centenario-en-un-espacio-de-diversion-y-convivencia","status":"publish","type":"post","link":"https:\/\/radiocresatelital.com\/?p=39675","title":{"rendered":"\u201cFamily Day\u201d transform\u00f3 el Barrio Centenario en un espacio de diversi\u00f3n y convivencia"},"content":{"rendered":"<p>Guayaquil.- Las risas, la m\u00fasica y el esp\u00edritu de convivencia llenaron las calles del Barrio Centenario, al sur de Guayaquil, durante una nueva edici\u00f3n del \u201cFamily Day\u201d, una jornada recreativa que reuni\u00f3 a decenas de familias para disfrutar de actividades al aire libre y fortalecer los lazos entre vecinos.<\/p>\n<p>Ni\u00f1os, j\u00f3venes y adultos compartieron momentos de diversi\u00f3n con rutinas de baile pop y zumba, guiadas por animadoras que contagiaron su energ\u00eda a todos los asistentes. El evento tambi\u00e9n incluy\u00f3 un espacio libre para andar en bicicleta y una feria de emprendimientos gastron\u00f3micos y de art\u00edculos varios, que dinamiz\u00f3 la econom\u00eda local y permiti\u00f3 visibilizar los peque\u00f1os negocios del sector.<\/p>\n<p>El desarrollo de la jornada cont\u00f3 con el acompa\u00f1amiento de los Agentes de Control Municipal (ACM) y el apoyo de la Polic\u00eda Nacional, garantizando la seguridad y el orden durante todo el evento.<\/p>\n<p>\u201cMe parece excelente, veo que esto est\u00e1 creando m\u00e1s uni\u00f3n en el barrio. Estas actividades son positivas porque unen a ni\u00f1os, adultos, ancianos y hasta a nuestras mascotas\u201d, manifest\u00f3 Alexandra Moncayo, habitante del sector. En tanto, Tanya Limbo destac\u00f3: \u201cLe agradezco a la administraci\u00f3n por esta iniciativa tan importante.<\/p>\n<p>Nos ha mantenido m\u00e1s unidos,\u00a0porque antes ni nos conoc\u00edamos\u201d.\u00a0 El \u201cFamily Day\u201d forma parte de las actividades impulsadas por la Alcald\u00eda de Guayaquil, a trav\u00e9s de la Direcci\u00f3n General de Turismo y Eventos Especiales, que promueven la convivencia ciudadana, el uso seguro de los espacios p\u00fablicos y la integraci\u00f3n comunitaria, fortaleciendo la solidaridad y el bienestar en los barrios de la ciudad.<\/p>\n","protected":false},"excerpt":{"rendered":"<p>Guayaquil.- Las risas, la m\u00fasica y el esp\u00edritu de convivencia llenaron las calles del Barrio Centenario, al sur de Guayaquil, durante una nueva edici\u00f3n del \u201cFamily Day\u201d, una jornada recreativa que reuni\u00f3 a decenas de familias para disfrutar de actividades al aire libre y fortalecer los lazos entre vecinos. Ni\u00f1os, j\u00f3venes y adultos compartieron momentos [&hellip;]<\/p>\n","protected":false},"author":2,"featured_media":39676,"comment_status":"open","ping_status":"closed","sticky":false,"template":"","format":"standard","meta":{"_jetpack_memberships_contains_paid_content":false,"footnotes":""},"categories":[33,13],"tags":[6291],"class_list":["post-39675","post","type-post","status-publish","format-standard","has-post-thumbnail","hentry","category-guayaquil","category-noticias-nacionales","tag-family-day"],"jetpack_featured_media_url":"https:\/\/radiocresatelital.com\/wp-content\/uploads\/2025\/10\/IMG-20251019-WA0103.jpg","jetpack_sharing_enabled":true,"_links":{"self":[{"href":"https:\/\/radiocresatelital.com\/index.php?rest_route=\/wp\/v2\/posts\/39675","targetHints":{"allow":["GET"]}}],"collection":[{"href":"https:\/\/radiocresatelital.com\/index.php?rest_route=\/wp\/v2\/posts"}],"about":[{"href":"https:\/\/radiocresatelital.com\/index.php?rest_route=\/wp\/v2\/types\/post"}],"author":[{"embeddable":true,"href":"https:\/\/radiocresatelital.com\/index.php?rest_route=\/wp\/v2\/users\/2"}],"replies":[{"embeddable":true,"href":"https:\/\/radiocresatelital.com\/index.php?rest_route=%2Fwp%2Fv2%2Fcomments&post=39675"}],"version-history":[{"count":1,"href":"https:\/\/radiocresatelital.com\/index.php?rest_route=\/wp\/v2\/posts\/39675\/revisions"}],"predecessor-version":[{"id":39677,"href":"https:\/\/radiocresatelital.com\/index.php?rest_route=\/wp\/v2\/posts\/39675\/revisions\/39677"}],"wp:featuredmedia":[{"embeddable":true,"href":"https:\/\/radiocresatelital.com\/index.php?rest_route=\/wp\/v2\/media\/39676"}],"wp:attachment":[{"href":"https:\/\/radiocresatelital.com\/index.php?rest_route=%2Fwp%2Fv2%2Fmedia&parent=39675"}],"wp:term":[{"taxonomy":"category","embeddable":true,"href":"https:\/\/radiocresatelital.com\/index.php?rest_route=%2Fwp%2Fv2%2Fcategories&post=39675"},{"taxonomy":"post_tag","embeddable":true,"href":"https:\/\/radiocresatelital.com\/index.php?rest_route=%2Fwp%2Fv2%2Ftags&post=39675"}],"curies":[{"name":"wp","href":"https:\/\/api.w.org\/{rel}","templated":true}]}}