{"id":39668,"date":"2025-10-19T22:26:17","date_gmt":"2025-10-19T22:26:17","guid":{"rendered":"https:\/\/radiocresatelital.com\/?p=39668"},"modified":"2025-10-19T22:36:05","modified_gmt":"2025-10-19T22:36:05","slug":"aucas-y-emelec-firmaron-un-empate-en-el-gonzalo-pozo","status":"publish","type":"post","link":"https:\/\/radiocresatelital.com\/?p=39668","title":{"rendered":"Aucas y Emelec firmaron un empate en el Gonzalo Pozo"},"content":{"rendered":"<p>Quito.- Aucas no pudo con Emelec y finalizaron con un empate a cero goles por bando en cotejo v\u00e1lido por la fecha 2 del Hexagonal dos jugado en el Gonzalo Pozo ante unos 12000 espectadores.<\/p>\n<p>Juan Pablo Buch t\u00e9cnico oriental presenta en este partido un esquema 5 &#8211; 2 &#8211; 2 &#8211; 1 , mientras que los dirigidos por Guillermo Dur\u00f3 pone su 4 &#8211; 4 &#8211; 2.<\/p>\n<p>Los orientales desde el arranque del partido intentan dominar el medio campo proponiendo presi\u00f3n en el traslado del bal\u00f3n.<\/p>\n<p>Luis Cano quien se cambi\u00f3 por derecha coloca un\u00a0 pase para el ingreso al \u00e1rea de Brian Montenegro pero el bal\u00f3n se le queda al delantero auquista.<\/p>\n<p>Buena llegada por derecha de Emelec, Maicon Sol\u00eds intenta colocar un centro en busca de Jaime Ayov\u00ed pero la defensa se recupera para enviar ese bal\u00f3n al tiro de esquina.<\/p>\n<p>Contragolpe de Aucas, Luis Cano llega por derecha para poner un centro donde la \u00abMaquina\u00bb Quintero se resbala y no logra llegar Montenegro y se salva Emelec.<\/p>\n<p>\u00c1ngelo Mina cobra un lanzamiento de esquina que el portero azul tiene que esforzarse para rechazar ese bal\u00f3n.<\/p>\n<p>Buen centro de Maicon Sol\u00eds al \u00e1rea auquista donde ingresa Luis Fernando Le\u00f3n quien cabecea pero totalmente desviado.<\/p>\n<p>Los azules no tienen profundidad, mientras que Aucas busca jugar en contragolpe, mientras que los azules apuestan al bal\u00f3n parado.<\/p>\n<p>Buen recorte en el \u00e1rea por Luis Cano quien remata con efecto pero a las manos del portero azul.<\/p>\n<p><img decoding=\"async\" src=\"https:\/\/www.eluniverso.com\/resizer\/v2\/J4CYXTCRKBAZJBLBGC42FZHL2M.jpg?auth=02d7fb183c085cdcd5914f62e0cc6a61e04b3f4f1945a32dd5671fecfdc36c2b&amp;width=1008&amp;height=670&amp;quality=75&amp;smart=true\" alt=\"Entretiempo] Aucas 0-0 Emelec por el segundo hexagonal de la Liga Ecuabet | Campeonato Nacional | Deportes | El Universo\" \/><\/p>\n<p>No hay salida, no hay ideas en la mitad de la cancha del cuadro azul, no tienen a un jugador que pueda organizar la zona de volantes azul.<\/p>\n<p>Nueva llegada del Aucas por zurda, Jonathan Mina coloca un centro en busca de Montenegro pero el portero azul se queda con ese bal\u00f3n y salva su porter\u00eda.<\/p>\n<p>En parte del encuentro entre Aucas y Emelec no tienen visi\u00f3n importante para buscar la porter\u00eda contraria torn\u00e1ndose aburrido el partido.<\/p>\n<p>Guillermo Dur\u00f3 hace dos variantes para la segunda parte del partido Jostin Cuero y Washington Corozo dejando en el banco a Jaime Ayov\u00ed junto a Elkin Mu\u00f1oz, mientras que el t\u00e9cnico oriental no hace variantes.<\/p>\n<p>Remate fuerte de Romario Caicedo que el portero Hamilton piedra tiene que enviar ese bal\u00f3n al tiro de esquina.<\/p>\n<p>Juan Ru\u00edz G\u00f3mez aprovecha para colocar un pase a Jos\u00e9 Francisco Cevallos quien intenta rematar pero la pelota sale desviada.<\/p>\n<p>Llegada por derecha de Ru\u00edz G\u00f3mez que habilita a Washington Corozo quien dispara fuerte pero el remate se va por encima del horizontal.<\/p>\n<p>Buen desborde de Romario Caicedo quien llega al \u00e1rea auquista pero cuando pone el centro no hay nadie quien llegue a poner ese bal\u00f3n en porter\u00eda quite\u00f1a.<\/p>\n<p>Emelec intenta llegar por zurda con Luis Castillo quien conecta un centro pero el portero Piedra logre rechazar ese bal\u00f3n.<\/p>\n<p>Ante la salida del lateral Ulises Ciccioli, los azules han aprovechado llegar por esa banda con algunas jugadas de peligro.<\/p>\n<p>Buena jugada por derecha, Jonathan Mina pone un centro al segundo poste donde Luis Cano recibe el bal\u00f3n qui\u00e9n remata cruzado pero llega \u00c1ngelo Mina para tocar la pelota al final y se anota la conquista, pero el jugador auquista estaba en posici\u00f3n adelantada.<\/p>\n<p>Jonny Uchuari conecto un remate de media distancia pero ese disparo se queda en las manos del portero azul.<\/p>\n<p>&nbsp;<\/p>\n","protected":false},"excerpt":{"rendered":"<p>Quito.- Aucas no pudo con Emelec y finalizaron con un empate a cero goles por bando en cotejo v\u00e1lido por la fecha 2 del Hexagonal dos jugado en el Gonzalo Pozo ante unos 12000 espectadores. Juan Pablo Buch t\u00e9cnico oriental presenta en este partido un esquema 5 &#8211; 2 &#8211; 2 &#8211; 1 , mientras [&hellip;]<\/p>\n","protected":false},"author":2,"featured_media":39687,"comment_status":"open","ping_status":"closed","sticky":false,"template":"","format":"standard","meta":{"_jetpack_memberships_contains_paid_content":false,"footnotes":""},"categories":[626,73],"tags":[456,56,929,135],"class_list":["post-39668","post","type-post","status-publish","format-standard","has-post-thumbnail","hentry","category-futbol-nacional","category-liga-pro","tag-aucas","tag-emelec","tag-futbol-nacional","tag-liga-pro"],"jetpack_featured_media_url":"https:\/\/radiocresatelital.com\/wp-content\/uploads\/2025\/10\/68f5547777f67.r_d.1518-924-2774.jpeg","jetpack_sharing_enabled":true,"_links":{"self":[{"href":"https:\/\/radiocresatelital.com\/index.php?rest_route=\/wp\/v2\/posts\/39668","targetHints":{"allow":["GET"]}}],"collection":[{"href":"https:\/\/radiocresatelital.com\/index.php?rest_route=\/wp\/v2\/posts"}],"about":[{"href":"https:\/\/radiocresatelital.com\/index.php?rest_route=\/wp\/v2\/types\/post"}],"author":[{"embeddable":true,"href":"https:\/\/radiocresatelital.com\/index.php?rest_route=\/wp\/v2\/users\/2"}],"replies":[{"embeddable":true,"href":"https:\/\/radiocresatelital.com\/index.php?rest_route=%2Fwp%2Fv2%2Fcomments&post=39668"}],"version-history":[{"count":1,"href":"https:\/\/radiocresatelital.com\/index.php?rest_route=\/wp\/v2\/posts\/39668\/revisions"}],"predecessor-version":[{"id":39686,"href":"https:\/\/radiocresatelital.com\/index.php?rest_route=\/wp\/v2\/posts\/39668\/revisions\/39686"}],"wp:featuredmedia":[{"embeddable":true,"href":"https:\/\/radiocresatelital.com\/index.php?rest_route=\/wp\/v2\/media\/39687"}],"wp:attachment":[{"href":"https:\/\/radiocresatelital.com\/index.php?rest_route=%2Fwp%2Fv2%2Fmedia&parent=39668"}],"wp:term":[{"taxonomy":"category","embeddable":true,"href":"https:\/\/radiocresatelital.com\/index.php?rest_route=%2Fwp%2Fv2%2Fcategories&post=39668"},{"taxonomy":"post_tag","embeddable":true,"href":"https:\/\/radiocresatelital.com\/index.php?rest_route=%2Fwp%2Fv2%2Ftags&post=39668"}],"curies":[{"name":"wp","href":"https:\/\/api.w.org\/{rel}","templated":true}]}}