{"id":39659,"date":"2025-10-19T19:10:48","date_gmt":"2025-10-19T19:10:48","guid":{"rendered":"https:\/\/radiocresatelital.com\/?p=39659"},"modified":"2025-10-19T19:10:57","modified_gmt":"2025-10-19T19:10:57","slug":"mas-de-4-000-asistentes-vivieron-la-emocion-del-downhill-del-cerro-2025-en-guayaquil","status":"publish","type":"post","link":"https:\/\/radiocresatelital.com\/?p=39659","title":{"rendered":"M\u00e1s de 4.000 asistentes vivieron la emoci\u00f3n del Downhill del Cerro 2025 en Guayaquil"},"content":{"rendered":"<p>Guayaquil.- El Cerro Santa Ana se convirti\u00f3 en el epicentro de la adrenalina y el deporte extremo con la realizaci\u00f3n del Downhill del Cerro 2025, un espect\u00e1culo que reuni\u00f3 a m\u00e1s de 4.000 asistentes y a los mejores ciclistas del pa\u00eds, quienes desafiaron la velocidad, la t\u00e9cnica y la gravedad en una competencia urbana sin precedentes.<\/p>\n<p>Desde las 17h00 locales (22h00 GMT), familias y visitantes nacionales e internacionales se congregaron para disfrutar de una jornada cargada de energ\u00eda. Las emblem\u00e1ticas escalinatas del cerro se transformaron en una pista de m\u00e1s de 400 pelda\u00f1os y 500 metros de recorrido, dise\u00f1ada bajo los est\u00e1ndares de la Uni\u00f3n Ciclista Internacional (UCI). El p\u00fablico vibr\u00f3 con cada descenso, salto y maniobra que mantuvo la emoci\u00f3n al m\u00e1ximo hasta el final.<\/p>\n<p>El ciclista Mario Jarr\u00edn resalt\u00f3 el potencial del evento al se\u00f1alar que \u201ces buen\u00edsimo, a lo menos aqu\u00ed en el cerro Santa Ana este tipo de modalidad tiene mucho potencial, hacer una carrera internacional ser\u00eda muy ch\u00e9vere\u201d. Tambi\u00e9n<br \/>\nfelicit\u00f3 a la Municipalidad por su apoyo a diversas disciplinas deportivas.<\/p>\n<p>La competencia reuni\u00f3 a m\u00e1s de 60 deportistas provenientes de distintas ciudades del pa\u00eds, distribuidos en varias categor\u00edas. Los ganadores fueron:<\/p>\n<p>Categor\u00eda Mujeres: Emiliana Mac\u00edas (01:40.877), Ana Cristina Cevallos (01:49.332) y Andrea Bravo (02:09.782).<br \/>\nCategor\u00eda Master: Darwin Miranda (01:02.434), David Guzm\u00e1n (01:03.182) y Toni Cruz (01:06.272).<br \/>\nCategor\u00eda E-bikes: Chanuceo (01:06.827), Roberto Mac\u00edas (01:10.502) y V\u00edctor Lazo Tama (01:10.625).<br \/>\nCategor\u00eda Enduro: David Jarr\u00edn (01:06.294), Pablo Valdez (01:06.744) y Juli\u00e1n Arteaga (01:07.286).<br \/>\nCategor\u00eda Junior: Dylan Vargas (01:00.759), Yahir Rodr\u00edguez (01:01.530) y Juan Gaibor (01:01.560).<br \/>\nCategor\u00eda \u00c9lite: Alejo Ortiz (00:57.178), Mario Jarr\u00edn (00:58.002) y Alejandro Cede\u00f1o (00:58.440).<\/p>\n<p><strong>PASA BELLEZA<\/strong><br \/>\nAdem\u00e1s de consolidarse como uno de los eventos m\u00e1s esperados de las fiestas octubrinas, el Downhill del Cerro 2025 dinamiz\u00f3 la econom\u00eda del sector, impulsando la actividad comercial de bares, restaurantes y emprendimientos del<br \/>\ncerro. \u201cSe ha reactivado el comercio, hay un impacto econ\u00f3mico importante alrededor de estos eventos y eso es algo importante, as\u00ed que estamos muy contentos, el evento est\u00e1 de primer nivel\u201d, se\u00f1al\u00f3 Carlos Mor\u00e1n, director de<br \/>\nDeportes del Cabildo.<\/p>\n<p>Como Capital Americana del Deporte 2026, Guayaquil potencia su liderazgo en la promoci\u00f3n de actividades deportivas en todas sus disciplinas. Este tipo de eventos, impulsados por la Alcald\u00eda de Guayaquil, reflejan una gesti\u00f3n que apuesta por el deporte<\/p>\n","protected":false},"excerpt":{"rendered":"<p>Guayaquil.- El Cerro Santa Ana se convirti\u00f3 en el epicentro de la adrenalina y el deporte extremo con la realizaci\u00f3n del Downhill del Cerro 2025, un espect\u00e1culo que reuni\u00f3 a m\u00e1s de 4.000 asistentes y a los mejores ciclistas del pa\u00eds, quienes desafiaron la velocidad, la t\u00e9cnica y la gravedad en una competencia urbana sin [&hellip;]<\/p>\n","protected":false},"author":2,"featured_media":39660,"comment_status":"open","ping_status":"closed","sticky":false,"template":"","format":"standard","meta":{"_jetpack_memberships_contains_paid_content":false,"footnotes":""},"categories":[120,9,33],"tags":[6290,1959],"class_list":["post-39659","post","type-post","status-publish","format-standard","has-post-thumbnail","hentry","category-ciclismo","category-deportes","category-guayaquil","tag-downhill-del-cerro-2025","tag-union-ciclista-internacional"],"jetpack_featured_media_url":"https:\/\/radiocresatelital.com\/wp-content\/uploads\/2025\/10\/01-5-scaled.jpeg","jetpack_sharing_enabled":true,"_links":{"self":[{"href":"https:\/\/radiocresatelital.com\/index.php?rest_route=\/wp\/v2\/posts\/39659","targetHints":{"allow":["GET"]}}],"collection":[{"href":"https:\/\/radiocresatelital.com\/index.php?rest_route=\/wp\/v2\/posts"}],"about":[{"href":"https:\/\/radiocresatelital.com\/index.php?rest_route=\/wp\/v2\/types\/post"}],"author":[{"embeddable":true,"href":"https:\/\/radiocresatelital.com\/index.php?rest_route=\/wp\/v2\/users\/2"}],"replies":[{"embeddable":true,"href":"https:\/\/radiocresatelital.com\/index.php?rest_route=%2Fwp%2Fv2%2Fcomments&post=39659"}],"version-history":[{"count":1,"href":"https:\/\/radiocresatelital.com\/index.php?rest_route=\/wp\/v2\/posts\/39659\/revisions"}],"predecessor-version":[{"id":39661,"href":"https:\/\/radiocresatelital.com\/index.php?rest_route=\/wp\/v2\/posts\/39659\/revisions\/39661"}],"wp:featuredmedia":[{"embeddable":true,"href":"https:\/\/radiocresatelital.com\/index.php?rest_route=\/wp\/v2\/media\/39660"}],"wp:attachment":[{"href":"https:\/\/radiocresatelital.com\/index.php?rest_route=%2Fwp%2Fv2%2Fmedia&parent=39659"}],"wp:term":[{"taxonomy":"category","embeddable":true,"href":"https:\/\/radiocresatelital.com\/index.php?rest_route=%2Fwp%2Fv2%2Fcategories&post=39659"},{"taxonomy":"post_tag","embeddable":true,"href":"https:\/\/radiocresatelital.com\/index.php?rest_route=%2Fwp%2Fv2%2Ftags&post=39659"}],"curies":[{"name":"wp","href":"https:\/\/api.w.org\/{rel}","templated":true}]}}