{"id":39647,"date":"2025-10-18T21:09:37","date_gmt":"2025-10-18T21:09:37","guid":{"rendered":"https:\/\/radiocresatelital.com\/?p=39647"},"modified":"2025-10-18T21:09:37","modified_gmt":"2025-10-18T21:09:37","slug":"el-latido-afro-resono-en-el-museo-municipal-una-celebracion-de-identidad-memoria-y-resistencia","status":"publish","type":"post","link":"https:\/\/radiocresatelital.com\/?p=39647","title":{"rendered":"El latido afro reson\u00f3 en el Museo Municipal: una celebraci\u00f3n de identidad, memoria y resistencia"},"content":{"rendered":"<p>Guayaquil.- El eco de los tambores marc\u00f3 el pulso de una noche inolvidable en el Museo Municipal. Entre marimbas, bombos y coloridas vestimentas, la comunidad afrodescendiente de Guayaquil celebr\u00f3 con orgullo su historia, su cultura y su legado en una jornada que convoc\u00f3 a m\u00e1s de 300 personas y llen\u00f3 de vida el emblem\u00e1tico auditorio.<\/p>\n<p>La conmemoraci\u00f3n del D\u00eda Internacional de los Afrodescendientes se transform\u00f3 en una explosi\u00f3n de ritmo y emoci\u00f3n. Los sonidos ancestrales se mezclaron con la alegr\u00eda del p\u00fablico, que no dud\u00f3 en levantarse a bailar y aplaudir cada interpretaci\u00f3n, en un ambiente de unidad y celebraci\u00f3n colectiva.<\/p>\n<p>Entre los asistentes estuvieron concejales y autoridades municipales, quienes reconocieron el trabajo de l\u00edderes y lideresas afrodescendientes de distintos sectores de la ciudad, resaltando su aporte en la construcci\u00f3n de una sociedad m\u00e1s inclusiva, justa y diversa.<\/p>\n<p>La actividad fue organizada por la Direcci\u00f3n General de la Mujer de la Alcald\u00eda de Guayaquil, en coordinaci\u00f3n con la Fundaci\u00f3n Mujeres de Asfalto, dentro de la conmemoraci\u00f3n de los 27 a\u00f1os de lucha y visibilizaci\u00f3n de la comunidad afroecuatoriana, un proceso que ha fortalecido la identidad, el liderazgo y la participaci\u00f3n social de este grupo en la urbe.<\/p>\n<p>El evento fue tambi\u00e9n un acto de reafirmaci\u00f3n y orgullo. \u201cDesde la m\u00fasica, la danza y el resonar de los tambores, representa la resistencia de la cultura afro. A toda la comunidad les digo que aprendan, disfruten y se celebren\u201d, expres\u00f3 Juana Francis, representante de la comunidad afro. En tanto, Franklin Arboleda agradeci\u00f3 al alcalde Aquiles Alvarez por abrir estos espacios que permiten celebrar y compartir la identidad afrodescendiente.<\/p>\n<p>Con esta celebraci\u00f3n, la Alcald\u00eda de Guayaquil reafirma su compromiso con la inclusi\u00f3n, la equidad y el fortalecimiento de la diversidad cultural, reconociendo el invaluable legado afrodescendiente como parte esencial de la historia y el presente de la ciudad.<\/p>\n","protected":false},"excerpt":{"rendered":"<p>Guayaquil.- El eco de los tambores marc\u00f3 el pulso de una noche inolvidable en el Museo Municipal. Entre marimbas, bombos y coloridas vestimentas, la comunidad afrodescendiente de Guayaquil celebr\u00f3 con orgullo su historia, su cultura y su legado en una jornada que convoc\u00f3 a m\u00e1s de 300 personas y llen\u00f3 de vida el emblem\u00e1tico auditorio. [&hellip;]<\/p>\n","protected":false},"author":2,"featured_media":39648,"comment_status":"open","ping_status":"closed","sticky":false,"template":"","format":"standard","meta":{"_jetpack_memberships_contains_paid_content":false,"footnotes":""},"categories":[33,13],"tags":[5631],"class_list":["post-39647","post","type-post","status-publish","format-standard","has-post-thumbnail","hentry","category-guayaquil","category-noticias-nacionales","tag-dia-internacional-de-los-afrodescendientes"],"jetpack_featured_media_url":"https:\/\/radiocresatelital.com\/wp-content\/uploads\/2025\/10\/IMG-20251018-WA0008.jpg","jetpack_sharing_enabled":true,"_links":{"self":[{"href":"https:\/\/radiocresatelital.com\/index.php?rest_route=\/wp\/v2\/posts\/39647","targetHints":{"allow":["GET"]}}],"collection":[{"href":"https:\/\/radiocresatelital.com\/index.php?rest_route=\/wp\/v2\/posts"}],"about":[{"href":"https:\/\/radiocresatelital.com\/index.php?rest_route=\/wp\/v2\/types\/post"}],"author":[{"embeddable":true,"href":"https:\/\/radiocresatelital.com\/index.php?rest_route=\/wp\/v2\/users\/2"}],"replies":[{"embeddable":true,"href":"https:\/\/radiocresatelital.com\/index.php?rest_route=%2Fwp%2Fv2%2Fcomments&post=39647"}],"version-history":[{"count":1,"href":"https:\/\/radiocresatelital.com\/index.php?rest_route=\/wp\/v2\/posts\/39647\/revisions"}],"predecessor-version":[{"id":39649,"href":"https:\/\/radiocresatelital.com\/index.php?rest_route=\/wp\/v2\/posts\/39647\/revisions\/39649"}],"wp:featuredmedia":[{"embeddable":true,"href":"https:\/\/radiocresatelital.com\/index.php?rest_route=\/wp\/v2\/media\/39648"}],"wp:attachment":[{"href":"https:\/\/radiocresatelital.com\/index.php?rest_route=%2Fwp%2Fv2%2Fmedia&parent=39647"}],"wp:term":[{"taxonomy":"category","embeddable":true,"href":"https:\/\/radiocresatelital.com\/index.php?rest_route=%2Fwp%2Fv2%2Fcategories&post=39647"},{"taxonomy":"post_tag","embeddable":true,"href":"https:\/\/radiocresatelital.com\/index.php?rest_route=%2Fwp%2Fv2%2Ftags&post=39647"}],"curies":[{"name":"wp","href":"https:\/\/api.w.org\/{rel}","templated":true}]}}