{"id":39644,"date":"2025-10-18T21:04:49","date_gmt":"2025-10-18T21:04:49","guid":{"rendered":"https:\/\/radiocresatelital.com\/?p=39644"},"modified":"2025-10-18T21:04:58","modified_gmt":"2025-10-18T21:04:58","slug":"avanza-el-mantenimiento-vial-en-la-alborada-y-la-av-25-de-julio-para-mejorar-la-movilidad","status":"publish","type":"post","link":"https:\/\/radiocresatelital.com\/?p=39644","title":{"rendered":"Avanza el mantenimiento vial en la Alborada y la Av. 25 de Julio para mejorar la movilidad"},"content":{"rendered":"<p>Guayaquil.- El Municipio de Guayaquil contin\u00faa fortaleciendo la infraestructura urbana de la ciudad con la ejecuci\u00f3n de trabajos de reposici\u00f3n de carpeta asf\u00e1ltica en varios sectores, que buscan optimizar la movilidad y brindar mayor seguridad a conductores y peatones.<\/p>\n<p>En la Alborada, cuarta etapa, culminaron las labores en un \u00e1rea de aproximadamente 700 metros cuadrados. La intervenci\u00f3n incluy\u00f3 ruptura y remoci\u00f3n del pavimento deteriorado, excavaci\u00f3n, preparaci\u00f3n del terreno y colocaci\u00f3n de nuevo material asf\u00e1ltico.<\/p>\n<p>Los trabajos se desarrollaron a buen ritmo, beneficiando a miles de ciudadanos que transitan diariamente por esta importante zona del norte.<\/p>\n<p>De forma simult\u00e1nea, avanzan las obras en la avenida 25 de Julio, donde se reemplaza la carpeta asf\u00e1ltica en un \u00e1rea de 12.000 metros cuadrados. Esta intervenci\u00f3n, que se prev\u00e9 concluir en dos semanas, forma parte del plan integral de mantenimiento vial impulsado por la Alcald\u00eda.<\/p>\n<p>En total, ambas acciones representan una inversi\u00f3n cercana a los USD 100.000, reafirmando el compromiso municipal con la mejora continua de las v\u00edas y el bienestar de los guayaquile\u00f1os.<\/p>\n","protected":false},"excerpt":{"rendered":"<p>Guayaquil.- El Municipio de Guayaquil contin\u00faa fortaleciendo la infraestructura urbana de la ciudad con la ejecuci\u00f3n de trabajos de reposici\u00f3n de carpeta asf\u00e1ltica en varios sectores, que buscan optimizar la movilidad y brindar mayor seguridad a conductores y peatones. En la Alborada, cuarta etapa, culminaron las labores en un \u00e1rea de aproximadamente 700 metros cuadrados. [&hellip;]<\/p>\n","protected":false},"author":2,"featured_media":39645,"comment_status":"open","ping_status":"closed","sticky":false,"template":"","format":"standard","meta":{"_jetpack_memberships_contains_paid_content":false,"footnotes":""},"categories":[33,13],"tags":[114],"class_list":["post-39644","post","type-post","status-publish","format-standard","has-post-thumbnail","hentry","category-guayaquil","category-noticias-nacionales","tag-municipio-de-guayaquil"],"jetpack_featured_media_url":"https:\/\/radiocresatelital.com\/wp-content\/uploads\/2025\/10\/1-1-2-scaled.jpeg","jetpack_sharing_enabled":true,"_links":{"self":[{"href":"https:\/\/radiocresatelital.com\/index.php?rest_route=\/wp\/v2\/posts\/39644","targetHints":{"allow":["GET"]}}],"collection":[{"href":"https:\/\/radiocresatelital.com\/index.php?rest_route=\/wp\/v2\/posts"}],"about":[{"href":"https:\/\/radiocresatelital.com\/index.php?rest_route=\/wp\/v2\/types\/post"}],"author":[{"embeddable":true,"href":"https:\/\/radiocresatelital.com\/index.php?rest_route=\/wp\/v2\/users\/2"}],"replies":[{"embeddable":true,"href":"https:\/\/radiocresatelital.com\/index.php?rest_route=%2Fwp%2Fv2%2Fcomments&post=39644"}],"version-history":[{"count":1,"href":"https:\/\/radiocresatelital.com\/index.php?rest_route=\/wp\/v2\/posts\/39644\/revisions"}],"predecessor-version":[{"id":39646,"href":"https:\/\/radiocresatelital.com\/index.php?rest_route=\/wp\/v2\/posts\/39644\/revisions\/39646"}],"wp:featuredmedia":[{"embeddable":true,"href":"https:\/\/radiocresatelital.com\/index.php?rest_route=\/wp\/v2\/media\/39645"}],"wp:attachment":[{"href":"https:\/\/radiocresatelital.com\/index.php?rest_route=%2Fwp%2Fv2%2Fmedia&parent=39644"}],"wp:term":[{"taxonomy":"category","embeddable":true,"href":"https:\/\/radiocresatelital.com\/index.php?rest_route=%2Fwp%2Fv2%2Fcategories&post=39644"},{"taxonomy":"post_tag","embeddable":true,"href":"https:\/\/radiocresatelital.com\/index.php?rest_route=%2Fwp%2Fv2%2Ftags&post=39644"}],"curies":[{"name":"wp","href":"https:\/\/api.w.org\/{rel}","templated":true}]}}