{"id":39641,"date":"2025-10-18T20:58:12","date_gmt":"2025-10-18T20:58:12","guid":{"rendered":"https:\/\/radiocresatelital.com\/?p=39641"},"modified":"2025-10-18T20:58:12","modified_gmt":"2025-10-18T20:58:12","slug":"manabi-cuenta-con-un-nuevo-servicio-de-resonancia-magnetica-que-beneficiara-a-1-5-millones-de-habitantes","status":"publish","type":"post","link":"https:\/\/radiocresatelital.com\/?p=39641","title":{"rendered":"Manab\u00ed cuenta con un nuevo servicio de resonancia magn\u00e9tica que beneficiar\u00e1 a 1.5 millones de habitantes"},"content":{"rendered":"<p>Portoviejo.-\u00a0Esta ma\u00f1ana, el Hospital de Especialidades Portoviejo inaugur\u00f3 su nuevo servicio de resonancia magn\u00e9tica, un logro en la salud p\u00fablica pues es la primera vez que la provincia de Manab\u00ed cuenta con un \u00e1rea de este tipo. Cerca de 1.5 millones de habitantes se beneficiar\u00e1 de esta iniciativa.<\/p>\n<p>Al rededor de 1.7 millones de d\u00f3lares fueron invertidos para la adquisici\u00f3n y puesta en marcha de este nuevo equipo de resonancia de \u00faltima generaci\u00f3n que permitir\u00e1 estudios avanzados, diagn\u00f3sticos precisos y tratamiento oportuno a favor de pacientes que reciben atenci\u00f3n en 40 especialidades como neurolog\u00eda, traumatolog\u00eda, neurolog\u00eda, oncolog\u00eda, cardiolog\u00eda y subespecialidades pedi\u00e1tricas.<\/p>\n<p>El Resonador Magn\u00e9tico Philips Ambition X de 1.5 Teslas fortalecer\u00e1 el plan de equipamiento hospitalario y tecnolog\u00eda de salud que impulsa el Ministerio de Salud P\u00fablica (MSP) a escala nacional con el apoyo del Gobierno Nacional que durante su gesti\u00f3n ha priorizado la salud de los ecuatorianos en todo el territorio.<\/p>\n<p>El ministro de Salud, Jimmy Martin, se\u00f1al\u00f3 que esta tecnolog\u00eda va a cambiar vidas porque un diagn\u00f3stico oportuno y a tiempo puede transformar una situaci\u00f3n cl\u00ednica. \u201cEstamos presentes, estamos trabajando para acercar los servicios a la ciudadan\u00eda, porque el Gobierno Nacional y el Ministerio de Salud trabaja por las personas que en realidad son el motor que mueve al pa\u00eds\u201d.<\/p>\n<p>Jos\u00e9 Acu\u00f1a Garc\u00eda, el primer usuario del nuevo servicio de resonancia. \u201cEstoy agradecido con las autoridades y el Gobierno por el compromiso que tienen con la salud, sin duda este servicio en el hospital reducir\u00e1 mucho m\u00e1s el tiempo de espera para contar con los estudios y un diagn\u00f3stico certero\u201d, puntualiz\u00f3.<\/p>\n<p>Este equipamiento potenciar\u00e1 la capacidad resolutiva del establecimiento, reducir\u00e1 las derivaciones a hospitales de otras provincias y optimizar\u00e1 costos contribuyendo a la equidad en el acceso a tecnolog\u00eda m\u00e9dica avanzada. A su vez, beneficiar\u00e1 a la poblaci\u00f3n de Santo Domingo que al igual que la provincia de Manab\u00ed forman parte de la Coordinaci\u00f3n Zonal 4 de Salud.<\/p>\n<p>El MSP continuar\u00e1 sumando esfuerzos, ejecutando acciones concretas y generando inversi\u00f3n para que la salud y los servicios lleguen a todas las provincias del pa\u00eds de manera digna, gratuita y equitativa.<\/p>\n","protected":false},"excerpt":{"rendered":"<p>Portoviejo.-\u00a0Esta ma\u00f1ana, el Hospital de Especialidades Portoviejo inaugur\u00f3 su nuevo servicio de resonancia magn\u00e9tica, un logro en la salud p\u00fablica pues es la primera vez que la provincia de Manab\u00ed cuenta con un \u00e1rea de este tipo. Cerca de 1.5 millones de habitantes se beneficiar\u00e1 de esta iniciativa. Al rededor de 1.7 millones de d\u00f3lares [&hellip;]<\/p>\n","protected":false},"author":2,"featured_media":39642,"comment_status":"open","ping_status":"closed","sticky":false,"template":"","format":"standard","meta":{"_jetpack_memberships_contains_paid_content":false,"footnotes":""},"categories":[13],"tags":[6288],"class_list":["post-39641","post","type-post","status-publish","format-standard","has-post-thumbnail","hentry","category-noticias-nacionales","tag-hospital-de-especialidades-portoviejo"],"jetpack_featured_media_url":"https:\/\/radiocresatelital.com\/wp-content\/uploads\/2025\/10\/WhatsApp-Image-2025-10-18-at-12.54.49-1536x1023-1.jpeg","jetpack_sharing_enabled":true,"_links":{"self":[{"href":"https:\/\/radiocresatelital.com\/index.php?rest_route=\/wp\/v2\/posts\/39641","targetHints":{"allow":["GET"]}}],"collection":[{"href":"https:\/\/radiocresatelital.com\/index.php?rest_route=\/wp\/v2\/posts"}],"about":[{"href":"https:\/\/radiocresatelital.com\/index.php?rest_route=\/wp\/v2\/types\/post"}],"author":[{"embeddable":true,"href":"https:\/\/radiocresatelital.com\/index.php?rest_route=\/wp\/v2\/users\/2"}],"replies":[{"embeddable":true,"href":"https:\/\/radiocresatelital.com\/index.php?rest_route=%2Fwp%2Fv2%2Fcomments&post=39641"}],"version-history":[{"count":1,"href":"https:\/\/radiocresatelital.com\/index.php?rest_route=\/wp\/v2\/posts\/39641\/revisions"}],"predecessor-version":[{"id":39643,"href":"https:\/\/radiocresatelital.com\/index.php?rest_route=\/wp\/v2\/posts\/39641\/revisions\/39643"}],"wp:featuredmedia":[{"embeddable":true,"href":"https:\/\/radiocresatelital.com\/index.php?rest_route=\/wp\/v2\/media\/39642"}],"wp:attachment":[{"href":"https:\/\/radiocresatelital.com\/index.php?rest_route=%2Fwp%2Fv2%2Fmedia&parent=39641"}],"wp:term":[{"taxonomy":"category","embeddable":true,"href":"https:\/\/radiocresatelital.com\/index.php?rest_route=%2Fwp%2Fv2%2Fcategories&post=39641"},{"taxonomy":"post_tag","embeddable":true,"href":"https:\/\/radiocresatelital.com\/index.php?rest_route=%2Fwp%2Fv2%2Ftags&post=39641"}],"curies":[{"name":"wp","href":"https:\/\/api.w.org\/{rel}","templated":true}]}}