{"id":39635,"date":"2025-10-18T20:18:35","date_gmt":"2025-10-18T20:18:35","guid":{"rendered":"https:\/\/radiocresatelital.com\/?p=39635"},"modified":"2025-10-18T20:18:44","modified_gmt":"2025-10-18T20:18:44","slug":"bde-b-p-impulsa-el-desarrollo-vial-de-salitre-con-una-inversion-superior-a-usd-1-7-millones","status":"publish","type":"post","link":"https:\/\/radiocresatelital.com\/?p=39635","title":{"rendered":"BDE B.P. Impulsa el desarrollo vial de Salitre con una inversi\u00f3n superior a USD 1.7 millones"},"content":{"rendered":"<p>Salitre.- Con la presencia del gerente general del Banco de Desarrollo del Ecuador B.P., Carlos Rivera y el alcalde del cant\u00f3n Salitre, Milton Moreno, se realiz\u00f3 la firma del contrato de financiamiento por USD 1\u2019742.107,00, destinados a la construcci\u00f3n de calzada de hormig\u00f3n r\u00edgido de la Av. Jaime Rold\u00f3s y obras complementarias en el sector urbano de la cabecera cantonal de Salitre, provincia del Guayas.<\/p>\n<p>Esta importante obra permitir\u00e1 mejorar la infraestructura vial, optimizar la movilidad urbana y fortalecer el desarrollo econ\u00f3mico local, beneficiando directamente a miles de familias.<\/p>\n<p>El proyecto comprende la intervenci\u00f3n desde la Av. Austria en la Av. Jaime Rold\u00f3s con una longitud de 602.89 m y un \u00e1rea de intervenci\u00f3n de 10.671,15 m2, siguiendo el tramo de la calle Eloy Alfaro hasta la calle Abd\u00f3n Calder\u00f3n con una longitud de 160m y un \u00e1rea de intervenci\u00f3n de 1440.00 m2.<\/p>\n<p>Con su ejecuci\u00f3n, se espera mejorar las condiciones de movilidad para los usuarios, reduciendo los tiempos de desplazamiento y aumentando la seguridad vial. La obra beneficiar\u00e1 a m\u00e1s de 32 mil habitantes, entre comerciantes, estudiantes y ciudadan\u00eda en general, que utilizan distintos tipos de transporte (particular, comercial, de carga y tur\u00edstico). Asimismo, se generar\u00e1n 52 plazas de empleo, contribuyendo a la reactivaci\u00f3n econ\u00f3mica local.<\/p>\n<p>Durante el acto de suscripci\u00f3n, el gerente general del BDE B.P., Carlos Rivera, destac\u00f3: \u201cHoy se hace posible la firma de este contrato por USD 1.7 millones para mejorar la v\u00eda Jaime Rold\u00f3s y empezar el embellecimiento de este barrio y la obra p\u00fablica de esta hermosa ciudad.\u00a0 El Gobierno del presidente Daniel Noboa, a trav\u00e9s del BDE reafirma el compromiso de cambiar la vida de los ecuatorianos y salitre\u00f1os con obras p\u00fablicas de calidad. El Ecuador est\u00e1 de pie caminando hacia un mejor futuro para que todas las familias ecuatorianas tengan oportunidad de progresar. Han tenido que pasar d\u00e9cadas para tener esta obra p\u00fablica y el presidente de la Rep\u00fablica est\u00e1 comprometido para que los salitre\u00f1os tengan obras que nunca han tenido\u201d.<\/p>\n<p>El Banco de Desarrollo del Ecuador B.P. contin\u00faa apoyando a los Gobiernos Aut\u00f3nomos Descentralizados en la ejecuci\u00f3n de proyectos que impulsan el bienestar, la conectividad y la competitividad territorial.<\/p>\n","protected":false},"excerpt":{"rendered":"<p>Salitre.- Con la presencia del gerente general del Banco de Desarrollo del Ecuador B.P., Carlos Rivera y el alcalde del cant\u00f3n Salitre, Milton Moreno, se realiz\u00f3 la firma del contrato de financiamiento por USD 1\u2019742.107,00, destinados a la construcci\u00f3n de calzada de hormig\u00f3n r\u00edgido de la Av. Jaime Rold\u00f3s y obras complementarias en el sector [&hellip;]<\/p>\n","protected":false},"author":2,"featured_media":39636,"comment_status":"open","ping_status":"closed","sticky":false,"template":"","format":"standard","meta":{"_jetpack_memberships_contains_paid_content":false,"footnotes":""},"categories":[13],"tags":[1854],"class_list":["post-39635","post","type-post","status-publish","format-standard","has-post-thumbnail","hentry","category-noticias-nacionales","tag-banco-de-desarrollo-del-ecuador"],"jetpack_featured_media_url":"https:\/\/radiocresatelital.com\/wp-content\/uploads\/2025\/10\/Fotograf_as_DSC_9563-scaled.jpg","jetpack_sharing_enabled":true,"_links":{"self":[{"href":"https:\/\/radiocresatelital.com\/index.php?rest_route=\/wp\/v2\/posts\/39635","targetHints":{"allow":["GET"]}}],"collection":[{"href":"https:\/\/radiocresatelital.com\/index.php?rest_route=\/wp\/v2\/posts"}],"about":[{"href":"https:\/\/radiocresatelital.com\/index.php?rest_route=\/wp\/v2\/types\/post"}],"author":[{"embeddable":true,"href":"https:\/\/radiocresatelital.com\/index.php?rest_route=\/wp\/v2\/users\/2"}],"replies":[{"embeddable":true,"href":"https:\/\/radiocresatelital.com\/index.php?rest_route=%2Fwp%2Fv2%2Fcomments&post=39635"}],"version-history":[{"count":1,"href":"https:\/\/radiocresatelital.com\/index.php?rest_route=\/wp\/v2\/posts\/39635\/revisions"}],"predecessor-version":[{"id":39637,"href":"https:\/\/radiocresatelital.com\/index.php?rest_route=\/wp\/v2\/posts\/39635\/revisions\/39637"}],"wp:featuredmedia":[{"embeddable":true,"href":"https:\/\/radiocresatelital.com\/index.php?rest_route=\/wp\/v2\/media\/39636"}],"wp:attachment":[{"href":"https:\/\/radiocresatelital.com\/index.php?rest_route=%2Fwp%2Fv2%2Fmedia&parent=39635"}],"wp:term":[{"taxonomy":"category","embeddable":true,"href":"https:\/\/radiocresatelital.com\/index.php?rest_route=%2Fwp%2Fv2%2Fcategories&post=39635"},{"taxonomy":"post_tag","embeddable":true,"href":"https:\/\/radiocresatelital.com\/index.php?rest_route=%2Fwp%2Fv2%2Ftags&post=39635"}],"curies":[{"name":"wp","href":"https:\/\/api.w.org\/{rel}","templated":true}]}}