{"id":39614,"date":"2025-10-18T03:52:05","date_gmt":"2025-10-18T03:52:05","guid":{"rendered":"https:\/\/radiocresatelital.com\/?p=39614"},"modified":"2025-10-18T19:41:44","modified_gmt":"2025-10-18T19:41:44","slug":"gobierno-autoriza-jornada-laboral-diferenciada-en-imbabura-carchi-y-pichincha-por-paro-indigena","status":"publish","type":"post","link":"https:\/\/radiocresatelital.com\/?p=39614","title":{"rendered":"Gobierno autoriza jornada laboral diferenciada en Imbabura, Carchi y Pichincha por paro ind\u00edgena"},"content":{"rendered":"<p data-start=\"208\" data-end=\"526\">Ibarra.- A 26 d\u00edas de las protestas del movimiento ind\u00edgena, que han bloqueado carreteras principalmente en Imbabura, pero tambi\u00e9n en Carchi y Pichincha, el Ministerio de Trabajo emiti\u00f3 este viernes 17 de octubre de 2025 una disposici\u00f3n especial para regular las actividades laborales en estas provincias.<\/p>\n<p data-start=\"528\" data-end=\"1060\">Seg\u00fan el comunicado oficial, empleadores y trabajadores podr\u00e1n acordar, de com\u00fan acuerdo, jornadas laborales diferenciadas con el fin de garantizar la continuidad del trabajo pese a las dificultades de movilidad. La recuperaci\u00f3n de los d\u00edas no laborados se podr\u00e1 realizar en otros momentos, sin que esto genere recargo salarial, siempre y cuando se respeten los l\u00edmites de la jornada ordinaria. Adem\u00e1s, el acuerdo debe constar por escrito para asegurar su validez y proteger los derechos laborales de los trabajadores.<\/p>\n<p data-start=\"1062\" data-end=\"1230\">El Ministerio record\u00f3 que cualquier incumplimiento de esta medida o de los derechos laborales puede ser denunciado a trav\u00e9s de los canales oficiales establecidos.<\/p>\n<p data-start=\"1232\" data-end=\"1571\">Desde el 22 de septiembre, comunidades ind\u00edgenas en estas provincias han bloqueado carreteras utilizando palos y piedras, como forma de protesta contra la eliminaci\u00f3n del subsidio al di\u00e9sel, medida que, seg\u00fan los manifestantes, ha elevado significativamente el costo de vida en zonas rurales, donde la pobreza alcanza el 41%.<\/p>\n<p data-start=\"1573\" data-end=\"1968\">Para contener las protestas, el presidente Daniel Noboa despleg\u00f3 a las Fuerzas Armadas en las zonas m\u00e1s conflictivas, principalmente en Imbabura, aunque ha descartado iniciar negociaciones directas con la Conaie. Esta situaci\u00f3n ha generado millones de d\u00f3lares en p\u00e9rdidas al sector productivo de estas provincias, afectando tanto la log\u00edstica como la econom\u00eda local y nacional.<\/p>\n<p data-start=\"1970\" data-end=\"2235\">La jornada laboral diferenciada busca ser un mecanismo de adaptaci\u00f3n temporal ante los efectos del paro, evitando que la paralizaci\u00f3n prolongada afecte los compromisos productivos de empresas y trabajadores, al tiempo que se mantienen protegidos sus derechos.<\/p>\n<p data-start=\"1970\" data-end=\"2235\">Colaboraci\u00f3n: Xavier Velasquez<\/p>\n","protected":false},"excerpt":{"rendered":"<p>Ibarra.- A 26 d\u00edas de las protestas del movimiento ind\u00edgena, que han bloqueado carreteras principalmente en Imbabura, pero tambi\u00e9n en Carchi y Pichincha, el Ministerio de Trabajo emiti\u00f3 este viernes 17 de octubre de 2025 una disposici\u00f3n especial para regular las actividades laborales en estas provincias. Seg\u00fan el comunicado oficial, empleadores y trabajadores podr\u00e1n acordar, [&hellip;]<\/p>\n","protected":false},"author":3,"featured_media":39626,"comment_status":"open","ping_status":"closed","sticky":false,"template":"","format":"standard","meta":{"_jetpack_memberships_contains_paid_content":false,"footnotes":""},"categories":[13],"tags":[6286],"class_list":["post-39614","post","type-post","status-publish","format-standard","has-post-thumbnail","hentry","category-noticias-nacionales","tag-imbabura-carchi-pichincha-jornadalaboral-paroindigena-ministeriodetrabajo-conaie-ecuador-economia"],"jetpack_featured_media_url":"https:\/\/radiocresatelital.com\/wp-content\/uploads\/2025\/10\/Gy5Cpa8WwAE2tyI-1-13.jpeg","jetpack_sharing_enabled":true,"_links":{"self":[{"href":"https:\/\/radiocresatelital.com\/index.php?rest_route=\/wp\/v2\/posts\/39614","targetHints":{"allow":["GET"]}}],"collection":[{"href":"https:\/\/radiocresatelital.com\/index.php?rest_route=\/wp\/v2\/posts"}],"about":[{"href":"https:\/\/radiocresatelital.com\/index.php?rest_route=\/wp\/v2\/types\/post"}],"author":[{"embeddable":true,"href":"https:\/\/radiocresatelital.com\/index.php?rest_route=\/wp\/v2\/users\/3"}],"replies":[{"embeddable":true,"href":"https:\/\/radiocresatelital.com\/index.php?rest_route=%2Fwp%2Fv2%2Fcomments&post=39614"}],"version-history":[{"count":2,"href":"https:\/\/radiocresatelital.com\/index.php?rest_route=\/wp\/v2\/posts\/39614\/revisions"}],"predecessor-version":[{"id":39628,"href":"https:\/\/radiocresatelital.com\/index.php?rest_route=\/wp\/v2\/posts\/39614\/revisions\/39628"}],"wp:featuredmedia":[{"embeddable":true,"href":"https:\/\/radiocresatelital.com\/index.php?rest_route=\/wp\/v2\/media\/39626"}],"wp:attachment":[{"href":"https:\/\/radiocresatelital.com\/index.php?rest_route=%2Fwp%2Fv2%2Fmedia&parent=39614"}],"wp:term":[{"taxonomy":"category","embeddable":true,"href":"https:\/\/radiocresatelital.com\/index.php?rest_route=%2Fwp%2Fv2%2Fcategories&post=39614"},{"taxonomy":"post_tag","embeddable":true,"href":"https:\/\/radiocresatelital.com\/index.php?rest_route=%2Fwp%2Fv2%2Ftags&post=39614"}],"curies":[{"name":"wp","href":"https:\/\/api.w.org\/{rel}","templated":true}]}}