{"id":39608,"date":"2025-10-17T23:55:35","date_gmt":"2025-10-17T23:55:35","guid":{"rendered":"https:\/\/radiocresatelital.com\/?p=39608"},"modified":"2025-10-18T19:42:18","modified_gmt":"2025-10-18T19:42:18","slug":"suspende-cobro-de-la-tasa-de-recoleccion-de-basura-en-la-planilla-de-luz","status":"publish","type":"post","link":"https:\/\/radiocresatelital.com\/?p=39608","title":{"rendered":"Suspende cobro de la tasa de recolecci\u00f3n de basura en la planilla de luz"},"content":{"rendered":"<p data-start=\"210\" data-end=\"501\">Quito.- La Empresa El\u00e9ctrica Quito (EEQ) notific\u00f3 a Emaseo que la planilla de energ\u00eda el\u00e9ctrica de octubre, que se reflejar\u00e1 en noviembre, no incluir\u00e1 la tasa de recolecci\u00f3n de basura, medida derivada de una decisi\u00f3n del Gobierno Nacional anunciada el 9 de octubre de 2025.<\/p>\n<p data-start=\"503\" data-end=\"736\">El secretario de Ambiente, Santiago Sandoval, asegur\u00f3 que el servicio de recolecci\u00f3n de basura continuar\u00e1 sin afectar calidad ni frecuencia, aunque el Municipio enfrentar\u00e1 un desfinanciamiento mensual de USD 6 millones.<\/p>\n<p data-start=\"738\" data-end=\"965\">El alcalde Pabel Mu\u00f1oz calific\u00f3 la decisi\u00f3n como \u201capresurada y unilateral\u201d y advirti\u00f3 que el Gobierno Nacional ser\u00e1 responsable de futuros aumentos en la tarifa. Mientras tanto, el Municipio estudia alternativas como:<\/p>\n<ul data-start=\"966\" data-end=\"1185\">\n<li data-start=\"966\" data-end=\"1029\">\n<p data-start=\"968\" data-end=\"1029\">Cobrar la tasa a trav\u00e9s de la planilla de agua potable.<\/p>\n<\/li>\n<li data-start=\"1030\" data-end=\"1095\">\n<p data-start=\"1032\" data-end=\"1095\">Incluirla en el impuesto predial, con un solo pago anual.<\/p>\n<\/li>\n<li data-start=\"1096\" data-end=\"1185\">\n<p data-start=\"1098\" data-end=\"1185\">Implementar un sistema de pago por residuos generados que incentive el reciclaje.<\/p>\n<\/li>\n<\/ul>\n<p>Colaboraci\u00f3n : Xavier Macias<\/p>\n","protected":false},"excerpt":{"rendered":"<p>Quito.- La Empresa El\u00e9ctrica Quito (EEQ) notific\u00f3 a Emaseo que la planilla de energ\u00eda el\u00e9ctrica de octubre, que se reflejar\u00e1 en noviembre, no incluir\u00e1 la tasa de recolecci\u00f3n de basura, medida derivada de una decisi\u00f3n del Gobierno Nacional anunciada el 9 de octubre de 2025. El secretario de Ambiente, Santiago Sandoval, asegur\u00f3 que el servicio [&hellip;]<\/p>\n","protected":false},"author":3,"featured_media":39609,"comment_status":"open","ping_status":"closed","sticky":false,"template":"","format":"standard","meta":{"_jetpack_memberships_contains_paid_content":false,"footnotes":""},"categories":[13],"tags":[6284],"class_list":["post-39608","post","type-post","status-publish","format-standard","has-post-thumbnail","hentry","category-noticias-nacionales","tag-quito-basura-recolecciondebasura-municipiodequito-planilladeluz-medioambiente-economiacircular"],"jetpack_featured_media_url":"https:\/\/radiocresatelital.com\/wp-content\/uploads\/2025\/10\/Gy5Cpa8WwAE2tyI-1-12.jpeg","jetpack_sharing_enabled":true,"_links":{"self":[{"href":"https:\/\/radiocresatelital.com\/index.php?rest_route=\/wp\/v2\/posts\/39608","targetHints":{"allow":["GET"]}}],"collection":[{"href":"https:\/\/radiocresatelital.com\/index.php?rest_route=\/wp\/v2\/posts"}],"about":[{"href":"https:\/\/radiocresatelital.com\/index.php?rest_route=\/wp\/v2\/types\/post"}],"author":[{"embeddable":true,"href":"https:\/\/radiocresatelital.com\/index.php?rest_route=\/wp\/v2\/users\/3"}],"replies":[{"embeddable":true,"href":"https:\/\/radiocresatelital.com\/index.php?rest_route=%2Fwp%2Fv2%2Fcomments&post=39608"}],"version-history":[{"count":2,"href":"https:\/\/radiocresatelital.com\/index.php?rest_route=\/wp\/v2\/posts\/39608\/revisions"}],"predecessor-version":[{"id":39629,"href":"https:\/\/radiocresatelital.com\/index.php?rest_route=\/wp\/v2\/posts\/39608\/revisions\/39629"}],"wp:featuredmedia":[{"embeddable":true,"href":"https:\/\/radiocresatelital.com\/index.php?rest_route=\/wp\/v2\/media\/39609"}],"wp:attachment":[{"href":"https:\/\/radiocresatelital.com\/index.php?rest_route=%2Fwp%2Fv2%2Fmedia&parent=39608"}],"wp:term":[{"taxonomy":"category","embeddable":true,"href":"https:\/\/radiocresatelital.com\/index.php?rest_route=%2Fwp%2Fv2%2Fcategories&post=39608"},{"taxonomy":"post_tag","embeddable":true,"href":"https:\/\/radiocresatelital.com\/index.php?rest_route=%2Fwp%2Fv2%2Ftags&post=39608"}],"curies":[{"name":"wp","href":"https:\/\/api.w.org\/{rel}","templated":true}]}}