{"id":39570,"date":"2025-10-17T20:32:52","date_gmt":"2025-10-17T20:32:52","guid":{"rendered":"https:\/\/radiocresatelital.com\/?p=39570"},"modified":"2025-10-17T20:32:52","modified_gmt":"2025-10-17T20:32:52","slug":"guayaquil-sede-del-xx-campeonato-sudamericano-de-ajedrez-sub-20","status":"publish","type":"post","link":"https:\/\/radiocresatelital.com\/?p=39570","title":{"rendered":"Guayaquil sede del XX Campeonato Sudamericano de Ajedrez Sub-20"},"content":{"rendered":"<p>Guayaquil.- Del 19 al 26 de octubre se desarrollar\u00e1 en Guayaquil el XX Campeonato Sudamericano de Ajedrez Sub-20, evento organizado por la Federaci\u00f3n Ecuatoriana de Ajedrez (FEDA), reconocida por la Federaci\u00f3n Internacional de Ajedrez (FIDE).<\/p>\n<p>El torneo tendr\u00e1 como sede el Hotel Oro Verde y reunir\u00e1 a 65 ajedrecistas de diez pa\u00edses: Argentina, Bolivia, Brasil, Chile, Colombia, Paraguay, Per\u00fa, Uruguay, Venezuela y Ecuador como anfitri\u00f3n.<\/p>\n<p>El certamen se disputar\u00e1 en tres modalidades: ajedrez est\u00e1ndar, r\u00e1pido y blitz. En la primera, los jugadores contar\u00e1n con 90 minutos para toda la partida m\u00e1s 30 segundos por jugada; en la segunda, con 10 minutos y un incremento de dos segundos; y en la tercera, con tres minutos y dos segundos adicionales por jugada.<\/p>\n<p><img decoding=\"async\" src=\"https:\/\/coe.org.ec\/wp-content\/uploads\/2025\/10\/506454289_727553586477060_3140555472307572192_n.jpg\" alt=\"506454289_727553586477060_3140555472307572192_n\" \/>Los campeones de cada categor\u00eda obtendr\u00e1n los t\u00edtulos de\u00a0<strong>Maestro Internacional (IM) y Maestra Internacional (WIM)<\/strong>, adem\u00e1s de la posibilidad de alcanzar una norma de Gran Maestro (GM), seg\u00fan lo establecido por la FIDE.<\/p>\n<p>El torneo se desarrollar\u00e1 a lo largo de la semana con rondas diarias en horarios matutinos y vespertinos, y concluir\u00e1 el s\u00e1bado 25 de octubre con la novena ronda, la premiaci\u00f3n y la clausura programadas para las 15h00 locales (20h00 GMT).<\/p>\n","protected":false},"excerpt":{"rendered":"<p>Guayaquil.- Del 19 al 26 de octubre se desarrollar\u00e1 en Guayaquil el XX Campeonato Sudamericano de Ajedrez Sub-20, evento organizado por la Federaci\u00f3n Ecuatoriana de Ajedrez (FEDA), reconocida por la Federaci\u00f3n Internacional de Ajedrez (FIDE). El torneo tendr\u00e1 como sede el Hotel Oro Verde y reunir\u00e1 a 65 ajedrecistas de diez pa\u00edses: Argentina, Bolivia, Brasil, [&hellip;]<\/p>\n","protected":false},"author":2,"featured_media":39571,"comment_status":"open","ping_status":"closed","sticky":false,"template":"","format":"standard","meta":{"_jetpack_memberships_contains_paid_content":false,"footnotes":""},"categories":[9],"tags":[6274],"class_list":["post-39570","post","type-post","status-publish","format-standard","has-post-thumbnail","hentry","category-deportes","tag-xx-campeonato-sudamericano-de-ajedrez-sub-20"],"jetpack_featured_media_url":"https:\/\/radiocresatelital.com\/wp-content\/uploads\/2025\/10\/32237950777_527f440767_k.jpg","jetpack_sharing_enabled":true,"_links":{"self":[{"href":"https:\/\/radiocresatelital.com\/index.php?rest_route=\/wp\/v2\/posts\/39570","targetHints":{"allow":["GET"]}}],"collection":[{"href":"https:\/\/radiocresatelital.com\/index.php?rest_route=\/wp\/v2\/posts"}],"about":[{"href":"https:\/\/radiocresatelital.com\/index.php?rest_route=\/wp\/v2\/types\/post"}],"author":[{"embeddable":true,"href":"https:\/\/radiocresatelital.com\/index.php?rest_route=\/wp\/v2\/users\/2"}],"replies":[{"embeddable":true,"href":"https:\/\/radiocresatelital.com\/index.php?rest_route=%2Fwp%2Fv2%2Fcomments&post=39570"}],"version-history":[{"count":1,"href":"https:\/\/radiocresatelital.com\/index.php?rest_route=\/wp\/v2\/posts\/39570\/revisions"}],"predecessor-version":[{"id":39572,"href":"https:\/\/radiocresatelital.com\/index.php?rest_route=\/wp\/v2\/posts\/39570\/revisions\/39572"}],"wp:featuredmedia":[{"embeddable":true,"href":"https:\/\/radiocresatelital.com\/index.php?rest_route=\/wp\/v2\/media\/39571"}],"wp:attachment":[{"href":"https:\/\/radiocresatelital.com\/index.php?rest_route=%2Fwp%2Fv2%2Fmedia&parent=39570"}],"wp:term":[{"taxonomy":"category","embeddable":true,"href":"https:\/\/radiocresatelital.com\/index.php?rest_route=%2Fwp%2Fv2%2Fcategories&post=39570"},{"taxonomy":"post_tag","embeddable":true,"href":"https:\/\/radiocresatelital.com\/index.php?rest_route=%2Fwp%2Fv2%2Ftags&post=39570"}],"curies":[{"name":"wp","href":"https:\/\/api.w.org\/{rel}","templated":true}]}}