{"id":3951,"date":"2023-09-09T01:00:06","date_gmt":"2023-09-09T01:00:06","guid":{"rendered":"https:\/\/radiocresatelital.com\/?p=3951"},"modified":"2023-09-09T20:35:55","modified_gmt":"2023-09-09T20:35:55","slug":"luis-chonillo-increpa-a-lasso-cuantas-muertes-mas-necesita-duran-no-aguanta-mas","status":"publish","type":"post","link":"https:\/\/radiocresatelital.com\/?p=3951","title":{"rendered":"Luis Chonillo increpa a Lasso: \u00bfCu\u00e1ntas muertes m\u00e1s necesita? \u00a1Dur\u00e1n no aguanta m\u00e1s!"},"content":{"rendered":"<p>Dur\u00e1n.- El alcalde de Dur\u00e1n, Luis Chonillo, escribi\u00f3 una dura carta dirigida al primer mandatario y las autoridades de gobierno en general, debido a la situaci\u00f3n de inseguridad en la que esta sumergido Dur\u00e1n y principalmente por las continuas amenazas y atentados a los que son sometidos los funcionarios municipales de este cant\u00f3n.<\/p>\n<p>Chonillo, revela en la misiva, el constante pedido de ayuda que han solicitado para que los funcionarios municipales tengan seguridad, pero evidencia que no han recibido ninguna respuesta, por lo que le plantea al presidente una pregunta:<b>\u00bfCu\u00e1ntas muertes m\u00e1s necesita se\u00f1or presidente para escuchar nuestros insistentes llamados ?\u00bfNo es suficiente ver a diario como nos matan?<\/b><\/p>\n<p>Adem\u00e1s, el burgomaestre durane\u00f1o, asevera que el estado de excepci\u00f3n no ha servido sino para incrementar las muertes y asegura que desde su posesi\u00f3n como alcalde, en el municipio han sufrido 8 atentados, entre las consecuencias, un concejal y un director departamental perdieron la vida y en un intento fallido contra el l\u00edder del cabildo del que se sali\u00f3 ileso, pero le cost\u00f3 la vida a 3 personas.<\/p>\n<p><img decoding=\"async\" src=\"https:\/\/pbs.twimg.com\/media\/F5hFpAaWEAAE8Uj?format=jpg&amp;name=small\" alt=\"Imagen\" \/><\/p>\n","protected":false},"excerpt":{"rendered":"<p>Dur\u00e1n.- El alcalde de Dur\u00e1n, Luis Chonillo, escribi\u00f3 una dura carta dirigida al primer mandatario y las autoridades de gobierno en general, debido a la situaci\u00f3n de inseguridad en la que esta sumergido Dur\u00e1n y principalmente por las continuas amenazas y atentados a los que son sometidos los funcionarios municipales de este cant\u00f3n. Chonillo, revela [&hellip;]<\/p>\n","protected":false},"author":3,"featured_media":3952,"comment_status":"open","ping_status":"closed","sticky":false,"template":"","format":"standard","meta":{"_jetpack_memberships_contains_paid_content":false,"footnotes":""},"categories":[13],"tags":[259],"class_list":["post-3951","post","type-post","status-publish","format-standard","has-post-thumbnail","hentry","category-noticias-nacionales","tag-luis-chonillo"],"jetpack_featured_media_url":"https:\/\/radiocresatelital.com\/wp-content\/uploads\/2023\/09\/luis-chonillo-1.jpg","jetpack_sharing_enabled":true,"_links":{"self":[{"href":"https:\/\/radiocresatelital.com\/index.php?rest_route=\/wp\/v2\/posts\/3951","targetHints":{"allow":["GET"]}}],"collection":[{"href":"https:\/\/radiocresatelital.com\/index.php?rest_route=\/wp\/v2\/posts"}],"about":[{"href":"https:\/\/radiocresatelital.com\/index.php?rest_route=\/wp\/v2\/types\/post"}],"author":[{"embeddable":true,"href":"https:\/\/radiocresatelital.com\/index.php?rest_route=\/wp\/v2\/users\/3"}],"replies":[{"embeddable":true,"href":"https:\/\/radiocresatelital.com\/index.php?rest_route=%2Fwp%2Fv2%2Fcomments&post=3951"}],"version-history":[{"count":3,"href":"https:\/\/radiocresatelital.com\/index.php?rest_route=\/wp\/v2\/posts\/3951\/revisions"}],"predecessor-version":[{"id":3959,"href":"https:\/\/radiocresatelital.com\/index.php?rest_route=\/wp\/v2\/posts\/3951\/revisions\/3959"}],"wp:featuredmedia":[{"embeddable":true,"href":"https:\/\/radiocresatelital.com\/index.php?rest_route=\/wp\/v2\/media\/3952"}],"wp:attachment":[{"href":"https:\/\/radiocresatelital.com\/index.php?rest_route=%2Fwp%2Fv2%2Fmedia&parent=3951"}],"wp:term":[{"taxonomy":"category","embeddable":true,"href":"https:\/\/radiocresatelital.com\/index.php?rest_route=%2Fwp%2Fv2%2Fcategories&post=3951"},{"taxonomy":"post_tag","embeddable":true,"href":"https:\/\/radiocresatelital.com\/index.php?rest_route=%2Fwp%2Fv2%2Ftags&post=3951"}],"curies":[{"name":"wp","href":"https:\/\/api.w.org\/{rel}","templated":true}]}}