{"id":3948,"date":"2023-09-09T00:40:57","date_gmt":"2023-09-09T00:40:57","guid":{"rendered":"https:\/\/radiocresatelital.com\/?p=3948"},"modified":"2023-09-09T20:35:24","modified_gmt":"2023-09-09T20:35:24","slug":"fito-dejara-la-roca-y-regresa-a-la-carcel-regional-de-guayaquil","status":"publish","type":"post","link":"https:\/\/radiocresatelital.com\/?p=3948","title":{"rendered":"Fito dejar\u00e1 La Roca y regresa a la C\u00e1rcel Regional de Guayaquil"},"content":{"rendered":"<p>Guayaquil.- El juez <strong>Diego Poma,<\/strong> orden\u00f3 el traslado del Abgdo. Jos\u00e9 Adolfo Mac\u00edas, alias \u00abFito\u00bb de la c\u00e1rcel de La Roca que es de m\u00e1xima seguridad, a la c\u00e1rcel Regional de Guayaquil. El magistrado sustenta su decisi\u00f3n porque alega que \u00a0\u201cel organismo t\u00e9cnico del Sistema Nacional de Rehabilitaci\u00f3n Social y de Atenci\u00f3n Integral a Adolescentes Infractores no justific\u00f3 los informes relacionados con la circunstancia por la cual se presenta la apelaci\u00f3n de traslado\u201d.<\/p>\n<p>Cabe recalcar que el juez Poma, en el a\u00f1o 2021, ya hab\u00eda acogido un pedido de \u00abFito\u00bb para declararlo intransferible y determin\u00f3 que el privado de la libertad no pod\u00eda ser trasladado a otra c\u00e1rcel por que su vida corr\u00eda peligro en otro lugar. Sin embargo, el juez Patricio Vidal, luego del asesinato de Fernando Villavicencio, orden\u00f3 el traslado del l\u00edder de Los Choneros a la c\u00e1rcel de La Roca, lo que origin\u00f3 un conflicto entre ambos magistrados que se dirimi\u00f3 en la Sala de lo Penal de la Corte Provincial del Guayas, fallando \u00e9sta a favor de Poma.<\/p>\n<p>Diego Poma, delinea el traslado de la siguiente manera:<\/p>\n<p>-\u201cSe ordena el traslado inmediato del privado de libertad Mac\u00edas Villamar Jos\u00e9 Adolfo al Centro de Rehabilitaci\u00f3n Social Masculino Guayas N\u00b04, bajo las seguridades del caso\u201d .<\/p>\n<p>&#8211; \u201cSe proh\u00edbe el retorno del privado de libertad a la su ex celda, debi\u00e9ndosele asignar una celda conforme disponga la m\u00e1xima autoridad del centro de rehabilitaci\u00f3n, conforme toda la poblaci\u00f3n carcelaria, sin privilegio alguno\u201d. Adem\u00e1s, Mac\u00edas Villamar tendr\u00e1 acceso a medicamentos<\/p>\n<p>-\u00abFito\u00bb tendr\u00e1 atenci\u00f3n m\u00e9dica \u201cy el seguimiento de los profesionales del Ministerio de Salud P\u00fablica. Adem\u00e1s, se garantizar\u00e1 al privado de libertad la continuaci\u00f3n de sus estudios en la universidad que los cursa\u201d.<\/p>\n<p>&#8211; \u201cSe conceda acceso al equipo de salud de Comit\u00e9 Ecuatoriano de Derechos Humanos y Sindicales, para que ingrese al Centro de Rehabilitaci\u00f3n Social y remitan los informes al suscrito juzgador\u201d.<\/p>\n<p>Adolfo Mac\u00edas, suma una sentencia total de 34 a\u00f1os de c\u00e1rcel por distintos delitos, entre ellos, narcotr\u00e1fico y asesinato.<\/p>\n","protected":false},"excerpt":{"rendered":"<p>Guayaquil.- El juez Diego Poma, orden\u00f3 el traslado del Abgdo. Jos\u00e9 Adolfo Mac\u00edas, alias \u00abFito\u00bb de la c\u00e1rcel de La Roca que es de m\u00e1xima seguridad, a la c\u00e1rcel Regional de Guayaquil. El magistrado sustenta su decisi\u00f3n porque alega que \u00a0\u201cel organismo t\u00e9cnico del Sistema Nacional de Rehabilitaci\u00f3n Social y de Atenci\u00f3n Integral a Adolescentes [&hellip;]<\/p>\n","protected":false},"author":3,"featured_media":3949,"comment_status":"open","ping_status":"closed","sticky":false,"template":"","format":"standard","meta":{"_jetpack_memberships_contains_paid_content":false,"footnotes":""},"categories":[13],"tags":[552],"class_list":["post-3948","post","type-post","status-publish","format-standard","has-post-thumbnail","hentry","category-noticias-nacionales","tag-alias-fito"],"jetpack_featured_media_url":"https:\/\/radiocresatelital.com\/wp-content\/uploads\/2023\/09\/Fito-1.jpg","jetpack_sharing_enabled":true,"_links":{"self":[{"href":"https:\/\/radiocresatelital.com\/index.php?rest_route=\/wp\/v2\/posts\/3948","targetHints":{"allow":["GET"]}}],"collection":[{"href":"https:\/\/radiocresatelital.com\/index.php?rest_route=\/wp\/v2\/posts"}],"about":[{"href":"https:\/\/radiocresatelital.com\/index.php?rest_route=\/wp\/v2\/types\/post"}],"author":[{"embeddable":true,"href":"https:\/\/radiocresatelital.com\/index.php?rest_route=\/wp\/v2\/users\/3"}],"replies":[{"embeddable":true,"href":"https:\/\/radiocresatelital.com\/index.php?rest_route=%2Fwp%2Fv2%2Fcomments&post=3948"}],"version-history":[{"count":2,"href":"https:\/\/radiocresatelital.com\/index.php?rest_route=\/wp\/v2\/posts\/3948\/revisions"}],"predecessor-version":[{"id":3961,"href":"https:\/\/radiocresatelital.com\/index.php?rest_route=\/wp\/v2\/posts\/3948\/revisions\/3961"}],"wp:featuredmedia":[{"embeddable":true,"href":"https:\/\/radiocresatelital.com\/index.php?rest_route=\/wp\/v2\/media\/3949"}],"wp:attachment":[{"href":"https:\/\/radiocresatelital.com\/index.php?rest_route=%2Fwp%2Fv2%2Fmedia&parent=3948"}],"wp:term":[{"taxonomy":"category","embeddable":true,"href":"https:\/\/radiocresatelital.com\/index.php?rest_route=%2Fwp%2Fv2%2Fcategories&post=3948"},{"taxonomy":"post_tag","embeddable":true,"href":"https:\/\/radiocresatelital.com\/index.php?rest_route=%2Fwp%2Fv2%2Ftags&post=3948"}],"curies":[{"name":"wp","href":"https:\/\/api.w.org\/{rel}","templated":true}]}}