{"id":3942,"date":"2023-09-08T23:15:03","date_gmt":"2023-09-08T23:15:03","guid":{"rendered":"https:\/\/radiocresatelital.com\/?p=3942"},"modified":"2023-09-08T23:15:03","modified_gmt":"2023-09-08T23:15:03","slug":"epico-recibe-certificacion-para-asignacion-de-cupos-de-la-primera-escuela-regional-google-en-ecuador","status":"publish","type":"post","link":"https:\/\/radiocresatelital.com\/?p=3942","title":{"rendered":"\u00c9PICO recibe certificaci\u00f3n para asignaci\u00f3n de cupos de la primera escuela regional Google en Ecuador"},"content":{"rendered":"<p>Guayaquil.- La Empresa P\u00fablica Municipal para la Gesti\u00f3n de la Innovaci\u00f3n y Competitividad recibi\u00f3 por parte del Ministerio de Telecomunicaciones y de la Sociedad de la Informaci\u00f3n, Wusrta Academy y Google la certificaci\u00f3n para precalificar a los postulantes para acceder a la primera Academia Regional Google Cloud, que busca formar a los nuevos arquitectos en la nube.<\/p>\n<p>Este proyecto se desarrollar\u00e1 en Bah\u00eda de Caraquez y busca promover el desarrollo sostenible del talento humano en la industria digital en Ecuador y Latinoam\u00e9rica, preparando profesionales en el campo tecnol\u00f3gico. La malla curricular contempla un aprendizaje te\u00f3rico presencial en las aulas, lo que tendr\u00e1 un soporte pr\u00e1ctico, a trav\u00e9s de un modelo de estudios intensivo de 18 meses de duraci\u00f3n y cada curso contar\u00e1 con 100 estudiantes, no es necesario que sean bachilleres pero que s\u00ed, que tengan habilidades tecnol\u00f3gicas y ciertos conocimientos espec\u00edficos. El curso empezar\u00e1 el pr\u00f3ximo a\u00f1o.<\/p>\n<p>Vito Mu\u00f1oz, presidente del Directorio de \u00c9pico fue el encargado de recibir la certificaci\u00f3n y dar unas palabras a nombre de todas las<br \/>\ninstituciones certificadas, donde mencion\u00f3 \u201cMe surge un sentimiento de motivaci\u00f3n por lo que se va hacer en Bah\u00eda. Con \u00c9PICO se ha logrado<br \/>\nmuchas cosas en tan solo 100 d\u00edas\u201d.<\/p>\n<p>\u201cCelebramos hoy un acontecimiento hist\u00f3rico y de gran relevancia para el presente, el inicio de nuestro piloto de la primera escuela regional de arquitectos de la nube de google cloud de la mano de Wursta\u201d asegur\u00f3 Viana Maino, Ministra de Telecomunicaciones en su intervenci\u00f3n.<\/p>\n<p>Adem\u00e1s de \u00c9PICO, se certific\u00f3 a AEI, Cl\u00faster Financiero, Cl\u00faster de Transformaci\u00f3n Digital y CITEC, instituciones que al igual, han venido<br \/>\ncolaborando con la ciudadan\u00eda, apostado por el desarrollo tecnol\u00f3gico y la transformaci\u00f3n digital del pa\u00eds.<\/p>\n<p>Gabriel Alvarado, representante de Google, mencion\u00f3 que \u201cLa certificaci\u00f3n de Google Cloud es la mejor pagada a nivel mundial\u201d. La<br \/>\nAcademia Google Ecuador tiene como meta formar a 24 \u201cArquitectos Cloud\u201d, durante el primer ciclo y 100 \u201cArquitectos Google Cloud<br \/>\nPlataform\u201d, por ciclo cuando el proyecto est\u00e9 completo.<\/p>\n<p>La Alcald\u00eda Ciudadana contin\u00faa cumpliendo su compromiso de crear una ciudad innovadora, apostando por el talento de sus ciudadanos.<\/p>\n","protected":false},"excerpt":{"rendered":"<p>Guayaquil.- La Empresa P\u00fablica Municipal para la Gesti\u00f3n de la Innovaci\u00f3n y Competitividad recibi\u00f3 por parte del Ministerio de Telecomunicaciones y de la Sociedad de la Informaci\u00f3n, Wusrta Academy y Google la certificaci\u00f3n para precalificar a los postulantes para acceder a la primera Academia Regional Google Cloud, que busca formar a los nuevos arquitectos en [&hellip;]<\/p>\n","protected":false},"author":2,"featured_media":3943,"comment_status":"open","ping_status":"closed","sticky":false,"template":"","format":"standard","meta":{"_jetpack_memberships_contains_paid_content":false,"footnotes":""},"categories":[13],"tags":[757],"class_list":["post-3942","post","type-post","status-publish","format-standard","has-post-thumbnail","hentry","category-noticias-nacionales","tag-epico"],"jetpack_featured_media_url":"https:\/\/radiocresatelital.com\/wp-content\/uploads\/2023\/09\/20230908122704_IMG_1143.jpg","jetpack_sharing_enabled":true,"_links":{"self":[{"href":"https:\/\/radiocresatelital.com\/index.php?rest_route=\/wp\/v2\/posts\/3942","targetHints":{"allow":["GET"]}}],"collection":[{"href":"https:\/\/radiocresatelital.com\/index.php?rest_route=\/wp\/v2\/posts"}],"about":[{"href":"https:\/\/radiocresatelital.com\/index.php?rest_route=\/wp\/v2\/types\/post"}],"author":[{"embeddable":true,"href":"https:\/\/radiocresatelital.com\/index.php?rest_route=\/wp\/v2\/users\/2"}],"replies":[{"embeddable":true,"href":"https:\/\/radiocresatelital.com\/index.php?rest_route=%2Fwp%2Fv2%2Fcomments&post=3942"}],"version-history":[{"count":1,"href":"https:\/\/radiocresatelital.com\/index.php?rest_route=\/wp\/v2\/posts\/3942\/revisions"}],"predecessor-version":[{"id":3944,"href":"https:\/\/radiocresatelital.com\/index.php?rest_route=\/wp\/v2\/posts\/3942\/revisions\/3944"}],"wp:featuredmedia":[{"embeddable":true,"href":"https:\/\/radiocresatelital.com\/index.php?rest_route=\/wp\/v2\/media\/3943"}],"wp:attachment":[{"href":"https:\/\/radiocresatelital.com\/index.php?rest_route=%2Fwp%2Fv2%2Fmedia&parent=3942"}],"wp:term":[{"taxonomy":"category","embeddable":true,"href":"https:\/\/radiocresatelital.com\/index.php?rest_route=%2Fwp%2Fv2%2Fcategories&post=3942"},{"taxonomy":"post_tag","embeddable":true,"href":"https:\/\/radiocresatelital.com\/index.php?rest_route=%2Fwp%2Fv2%2Ftags&post=3942"}],"curies":[{"name":"wp","href":"https:\/\/api.w.org\/{rel}","templated":true}]}}