{"id":39026,"date":"2025-10-11T18:36:04","date_gmt":"2025-10-11T18:36:04","guid":{"rendered":"https:\/\/radiocresatelital.com\/?p=39026"},"modified":"2025-10-11T18:36:35","modified_gmt":"2025-10-11T18:36:35","slug":"39026","status":"publish","type":"post","link":"https:\/\/radiocresatelital.com\/?p=39026","title":{"rendered":"Mary Guerra, determinaci\u00f3n y alegr\u00eda con Ecuador en el Mundial"},"content":{"rendered":"<p class=\"rich-text_p__UfX5b text-regular\">Guayaquil.- Cuando Mary Guerra piensa en sus primeros recuerdos con el bal\u00f3n, no se imagina en una cancha sino en su casa, corriendo de un lado a otro. Esas memorias que le provocan una sonrisa tienen una raz\u00f3n de ser, su familia es el origen de su pasi\u00f3n por el f\u00fatbol y la motivaci\u00f3n para ser mejor cada d\u00eda. Especialmente ahora que se acerca la Copa Mundial Femenina Sub-17 de la FIFA Marruecos 2025,\u00a0su segunda participaci\u00f3n en el torneo de la categor\u00eda.<\/p>\n<p class=\"rich-text_p__UfX5b text-regular\">\u00abA mi mam\u00e1. Tambi\u00e9n a mi hermano y a mi pap\u00e1, que est\u00e1n en el cielo\u00bb, dice Mary, en entrevista con la FIFA, sobre a qui\u00e9n le dedica todas sus alegr\u00edas en el campo, que recientemente han sido muchas. Adem\u00e1s de brillar en las eliminatorias sudamericanas, la jugadora de Independiente del Valle acaba de conquistar el campeonato de la Superliga Femenina, el segundo consecutivo para las <em>Dragonas.<\/em><\/p>\n<p class=\"rich-text_p__UfX5b text-regular\">Tiene apenas 17 a\u00f1os y es parte del primer equipo, incluso marc\u00f3 en la final. Su gol en el partido de ida fue determinante para que en la vuelta pudieran celebrar el t\u00edtulo. Ese es, hasta hoy, su recuerdo m\u00e1s querido en el f\u00fatbol. En la cancha, Guerra juega sin miedo, guiada por las palabras de su padre: \u00abMi pap\u00e1 me dec\u00eda que siempre d\u00e9 lo mejor de m\u00ed, incluso jugando con gente muy grande. Creo que eso lo llevo siempre en mi mente: disfrutar\u00bb.<\/p>\n<p class=\"rich-text_p__UfX5b text-regular\">No hace falta que lo diga, Mary derrocha ese buen \u00e1nimo cuando se lanza al frente y se atreve a buscar el arco desde fuera del \u00e1rea. El desempe\u00f1o que la hizo destacar con Ecuador en el Campeonato Sudamericano Femenino Sub-17 de 2025 como autora de cuatro anotaciones es solo una parte de lo que aporta al equipo, ella es tambi\u00e9n quien relaja las tensiones previo a un desaf\u00edo: \u00abEn el camerino soy una persona muy alegre. Mi alegr\u00eda hace que mis compa\u00f1eras se sientan un poco m\u00e1s c\u00f3modas y felices con lo que est\u00e1n haciendo\u00bb.<\/p>\n<p class=\"rich-text_p__UfX5b text-regular\">Al mismo tiempo, la mediocampista reconoce que su experiencia en la edici\u00f3n anterior, disputada en Rep\u00fablica Dominicana, implica una responsabilidad: \u201cMi apoyo siempre ser\u00e1 para mis compa\u00f1eras. Hay que hacerles saber que los nervios son normales y que lo importante es demostrar lo que sabemos para dejar a Ecuador en alto\u00bb.<\/p>\n<p class=\"rich-text_p__UfX5b text-regular\">Ha pasado casi un a\u00f1o de su primer Mundial y con ella se qued\u00f3 esa ilusi\u00f3n que despert\u00f3 el pase a los cuartos de final ante Espa\u00f1a, que a la postre ser\u00edan subcampeonas: \u00abEn este (Mundial), creo que la meta es volver a hacer lo mismo (avanzar de la fase de grupos) y, si Dios quiere, quedar campeonas\u00bb. Hoy se describe como una futbolista m\u00e1s madura, resultado de la competencia intensa y de la convivencia con compa\u00f1eras experimentadas en su club.<\/p>\n<p class=\"rich-text_p__UfX5b text-regular\">En esta edici\u00f3n, Ecuador tiene un reto importante para superar el Grupo C, al lado de Estados Unidos, RP China y Noruega. Mary lo reconoce: \u00ab(el grupo es) Un poco dif\u00edcil, pero no imposible\u00bb y destaca la competitividad como una fortaleza del equipo dirigido por V\u00edctor Idrobo. El s\u00e1bado 18 de octubre debutar\u00e1n en Marruecos, se pondr\u00e1n la camiseta y saldr\u00e1n a la cancha para escuchar el himno, un momento de satisfacci\u00f3n: \u00abEs un orgullo representar a mi pa\u00eds y siempre lo he dicho, es una felicidad. Al final, otras jugadoras quisieran estar en este puesto, y estoy yo. Siempre trato de dar lo mejor de m\u00ed para dejar al pa\u00eds en lo m\u00e1s alto y demostrar que tiene muy buenas jugadoras\u00bb.<\/p>\n<p class=\"rich-text_p__UfX5b text-regular\">De aquella ni\u00f1a que jugaba b\u00e1squetbol y un d\u00eda dijo que s\u00ed para completar un equipo de f\u00fatbol, queda la confianza y determinaci\u00f3n. Hoy, Mary Guerra se prepara para disputar su segundo Mundial y sue\u00f1a con llegar alg\u00fan d\u00eda al Barcelona. Su historia con el bal\u00f3n empez\u00f3 casi por accidente, pero su camino tiene rumbo claro: seguir creciendo hasta lograr lo m\u00e1s grande.<\/p>\n<p><em><strong>TOMADO DE FIFA.COM<\/strong><\/em><\/p>\n","protected":false},"excerpt":{"rendered":"<p>Guayaquil.- Cuando Mary Guerra piensa en sus primeros recuerdos con el bal\u00f3n, no se imagina en una cancha sino en su casa, corriendo de un lado a otro. Esas memorias que le provocan una sonrisa tienen una raz\u00f3n de ser, su familia es el origen de su pasi\u00f3n por el f\u00fatbol y la motivaci\u00f3n para [&hellip;]<\/p>\n","protected":false},"author":2,"featured_media":39027,"comment_status":"open","ping_status":"closed","sticky":false,"template":"","format":"standard","meta":{"_jetpack_memberships_contains_paid_content":false,"footnotes":""},"categories":[2216,7],"tags":[6182],"class_list":["post-39026","post","type-post","status-publish","format-standard","has-post-thumbnail","hentry","category-ecuatorianos-en-el-exterior-2","category-futbol-internacional","tag-copa-mundial-femenina-sub-17-de-la-fifa-marruecos-2025"],"jetpack_featured_media_url":"https:\/\/radiocresatelital.com\/wp-content\/uploads\/2025\/10\/682e67293f3d5.jpeg","jetpack_sharing_enabled":true,"_links":{"self":[{"href":"https:\/\/radiocresatelital.com\/index.php?rest_route=\/wp\/v2\/posts\/39026","targetHints":{"allow":["GET"]}}],"collection":[{"href":"https:\/\/radiocresatelital.com\/index.php?rest_route=\/wp\/v2\/posts"}],"about":[{"href":"https:\/\/radiocresatelital.com\/index.php?rest_route=\/wp\/v2\/types\/post"}],"author":[{"embeddable":true,"href":"https:\/\/radiocresatelital.com\/index.php?rest_route=\/wp\/v2\/users\/2"}],"replies":[{"embeddable":true,"href":"https:\/\/radiocresatelital.com\/index.php?rest_route=%2Fwp%2Fv2%2Fcomments&post=39026"}],"version-history":[{"count":2,"href":"https:\/\/radiocresatelital.com\/index.php?rest_route=\/wp\/v2\/posts\/39026\/revisions"}],"predecessor-version":[{"id":39029,"href":"https:\/\/radiocresatelital.com\/index.php?rest_route=\/wp\/v2\/posts\/39026\/revisions\/39029"}],"wp:featuredmedia":[{"embeddable":true,"href":"https:\/\/radiocresatelital.com\/index.php?rest_route=\/wp\/v2\/media\/39027"}],"wp:attachment":[{"href":"https:\/\/radiocresatelital.com\/index.php?rest_route=%2Fwp%2Fv2%2Fmedia&parent=39026"}],"wp:term":[{"taxonomy":"category","embeddable":true,"href":"https:\/\/radiocresatelital.com\/index.php?rest_route=%2Fwp%2Fv2%2Fcategories&post=39026"},{"taxonomy":"post_tag","embeddable":true,"href":"https:\/\/radiocresatelital.com\/index.php?rest_route=%2Fwp%2Fv2%2Ftags&post=39026"}],"curies":[{"name":"wp","href":"https:\/\/api.w.org\/{rel}","templated":true}]}}