{"id":39012,"date":"2025-10-10T21:14:39","date_gmt":"2025-10-10T21:14:39","guid":{"rendered":"https:\/\/radiocresatelital.com\/?p=39012"},"modified":"2025-10-10T21:14:51","modified_gmt":"2025-10-10T21:14:51","slug":"nuevo-presidente-de-peru-reunio-a-altos-mandos-de-fuerzas-armadas-y-policia-nacional","status":"publish","type":"post","link":"https:\/\/radiocresatelital.com\/?p=39012","title":{"rendered":"Nuevo Presidente de Per\u00fa reuni\u00f3 a altos mandos de Fuerzas Armadas y Polic\u00eda Nacional"},"content":{"rendered":"<p class=\"text-left prose-text\" data-mrf-recirculation=\"Links article\">Lima.- Jos\u00e9 Jer\u00ed nuevo mandatario de Per\u00fa, convoc\u00f3 a los altos mandos de las Fuerzas Armadas y la Polic\u00eda Nacional durante su primera acci\u00f3n de Gobierno donde se palnific\u00f3 distintas acciones coordinadas y efectivas contra el crimen organizado, seg\u00fan inform\u00f3 la Presidencia de la Rep\u00fablica en sus diferentes redes sociales.<\/p>\n<p class=\"text-left prose-text\" data-mrf-recirculation=\"Links article\">Jer\u00ed, que sumi\u00f3 la banda presidencial en la madrugada de este viernes tras la abrupta destituci\u00f3n de su predecesora,\u00a0Dina Boluarte, acudi\u00f3 en la ma\u00f1ana a Palacio de Gobierno entre gran expectaci\u00f3n de los medios.<\/p>\n<div class=\"inline-element px-2 table m-auto pb-2 bg-white text-center border border-grey-100 text-xs\">\n<div id=\"ad-ampliada-95b1b39c-21dd-6b90-1239-cccbbf9c223d-content\">Unas horas despu\u00e9s, la cuenta de la Presidencia comparti\u00f3 en las redes sociales el primer acto de Jer\u00ed como mandatario, un encuentro con representantes de las fuerzas de seguridad, junto a una foto de la reuni\u00f3n.<\/div>\n<\/div>\n<p class=\"text-left prose-text\" data-mrf-recirculation=\"Links article\">\u201cPresidente de la Rep\u00fablica, Jos\u00e9 Jer\u00ed Or\u00e9, en su primera acci\u00f3n de Gobierno, convoc\u00f3 a una reuni\u00f3n conjunta con los altos mandos de las Fuerzas Armadas y la Polic\u00eda Nacional del Per\u00fa,\u00a0con el prop\u00f3sito de planificar acciones coordinadas y efectivas para enfrentar la criminalidad\u201d, se\u00f1al\u00f3.<\/p>\n<div class=\"inline-element\">\n<div>\n<div id=\"active-campaing-form-marcador\">En su primer discurso como presidente interino, Jer\u00ed afirm\u00f3 que el principal mal que aqueja actualmente a su pa\u00edses \u201ces la inseguridad ciudadana\u201d.<\/div>\n<\/div>\n<\/div>\n<p class=\"text-left prose-text\" data-mrf-recirculation=\"Links article\">\u201cEl principal enemigo est\u00e1 afuera, en las calles, las bandas criminales y las organizaciones criminales y como enemigos debemos declararles la guerra\u201d, anunci\u00f3 antes de ofrecer que se va \u201ca ganar esa guerra\u201d.<\/p>\n<p class=\"prose-text\" data-mrf-recirculation=\"Links article\">Reconoci\u00f3 que los ciudadanos peruanos \u201cclaman inter\u00e9s\u201d de las autoridades, por lo que les ofreci\u00f3 \u201clas disculpas del caso y una promesa de comenzar a sentar las bases de un pa\u00eds que permita, justamente, generar una reconciliaci\u00f3n entre todos los peruanos\u201d.<\/p>\n<p class=\"text-left prose-text\" data-mrf-recirculation=\"Links article\">Su toma de mando se concret\u00f3 despu\u00e9s de que el Congreso destituy\u00f3 en la noche de este jueves de manera expr\u00e9s a Boluarte, tras aglutinar cuatro mociones de vacancia (destituci\u00f3n) para declarar su \u201cpermanente incapacidad moral\u201d para enfrentar la creciente inseguridad ciudadana y el auge del crimen organizado.<\/p>\n<p class=\"text-left prose-text\" data-mrf-recirculation=\"Links article\">As\u00ed, Boluarte, la primera mujer en asumir la presidencia de Per\u00fa, fue destituida tras perder el respaldo de los partidos de derecha que la manten\u00edan en el poder,\u00a0en medio de una profunda impopularidad reflejada en sondeos que le otorgaban apenas un 3\u202f% de aceptaci\u00f3n, y con las elecciones generales de 2026 cada vez m\u00e1s cerca.<\/p>\n<p class=\"text-left prose-text\" data-mrf-recirculation=\"Links article\">Minutos despu\u00e9s, el Parlamento invisti\u00f3 a Jer\u00ed como gobernante hasta las pr\u00f3ximas elecciones conforme contempla la Constituci\u00f3n en caso de que el presidente o presidenta no disponga de vicepresidentes, como sucede con Boluarte, que era la vicepresidenta del izquierdista\u00a0Pedro Castillo, quien tambi\u00e9n fue destituido a finales de 2022.<\/p>\n<p class=\"text-left prose-text\" data-mrf-recirculation=\"Links article\">Jer\u00ed, de 38 a\u00f1os, era presidente del Congreso de Per\u00fa desde agosto pasado, despu\u00e9s de haber llegado al Parlamento como congresista suplente en las elecciones de 2021, en el lugar del expresidente Mart\u00edn Vizcarra (2018-2020), quien hab\u00eda sido el parlamentario m\u00e1s votado pero que no pudo asumir su esca\u00f1o por encontrarse inhabilitado por el Congreso.<\/p>\n<div class=\"inline-element px-2 table m-auto pb-2 bg-white text-center border border-grey-100 text-xs\">\n<div id=\"ad-box4-c00a6993-e506-dbbc-76a9-4a82bd25745a-content\">El abogado y pol\u00edtico se convirti\u00f3, de esa manera, en el s\u00e9ptimo mandatario de Per\u00fa desde 2016, tras Pedro Pablo Kuczynski (2016-2018), Mart\u00edn Vizcarra (2018-2020), Manuel Merino (2020-2020), Francisco Sagasti (2020-2021), Pedro Castillo (2021-2022) y Dina Boluarte (2022-2025).<\/div>\n<\/div>\n","protected":false},"excerpt":{"rendered":"<p>Lima.- Jos\u00e9 Jer\u00ed nuevo mandatario de Per\u00fa, convoc\u00f3 a los altos mandos de las Fuerzas Armadas y la Polic\u00eda Nacional durante su primera acci\u00f3n de Gobierno donde se palnific\u00f3 distintas acciones coordinadas y efectivas contra el crimen organizado, seg\u00fan inform\u00f3 la Presidencia de la Rep\u00fablica en sus diferentes redes sociales. Jer\u00ed, que sumi\u00f3 la banda [&hellip;]<\/p>\n","protected":false},"author":2,"featured_media":39013,"comment_status":"open","ping_status":"closed","sticky":false,"template":"","format":"standard","meta":{"_jetpack_memberships_contains_paid_content":false,"footnotes":""},"categories":[11],"tags":[6176,6177],"class_list":["post-39012","post","type-post","status-publish","format-standard","has-post-thumbnail","hentry","category-noticias-internacionales","tag-jose-jeri","tag-nuevo-presidente-de-peru"],"jetpack_featured_media_url":"https:\/\/radiocresatelital.com\/wp-content\/uploads\/2025\/10\/afp-20251010-78be2we-v2-highres_48981120_20251010091607.webp","jetpack_sharing_enabled":true,"_links":{"self":[{"href":"https:\/\/radiocresatelital.com\/index.php?rest_route=\/wp\/v2\/posts\/39012","targetHints":{"allow":["GET"]}}],"collection":[{"href":"https:\/\/radiocresatelital.com\/index.php?rest_route=\/wp\/v2\/posts"}],"about":[{"href":"https:\/\/radiocresatelital.com\/index.php?rest_route=\/wp\/v2\/types\/post"}],"author":[{"embeddable":true,"href":"https:\/\/radiocresatelital.com\/index.php?rest_route=\/wp\/v2\/users\/2"}],"replies":[{"embeddable":true,"href":"https:\/\/radiocresatelital.com\/index.php?rest_route=%2Fwp%2Fv2%2Fcomments&post=39012"}],"version-history":[{"count":2,"href":"https:\/\/radiocresatelital.com\/index.php?rest_route=\/wp\/v2\/posts\/39012\/revisions"}],"predecessor-version":[{"id":39015,"href":"https:\/\/radiocresatelital.com\/index.php?rest_route=\/wp\/v2\/posts\/39012\/revisions\/39015"}],"wp:featuredmedia":[{"embeddable":true,"href":"https:\/\/radiocresatelital.com\/index.php?rest_route=\/wp\/v2\/media\/39013"}],"wp:attachment":[{"href":"https:\/\/radiocresatelital.com\/index.php?rest_route=%2Fwp%2Fv2%2Fmedia&parent=39012"}],"wp:term":[{"taxonomy":"category","embeddable":true,"href":"https:\/\/radiocresatelital.com\/index.php?rest_route=%2Fwp%2Fv2%2Fcategories&post=39012"},{"taxonomy":"post_tag","embeddable":true,"href":"https:\/\/radiocresatelital.com\/index.php?rest_route=%2Fwp%2Fv2%2Ftags&post=39012"}],"curies":[{"name":"wp","href":"https:\/\/api.w.org\/{rel}","templated":true}]}}