{"id":38970,"date":"2025-10-10T18:22:41","date_gmt":"2025-10-10T18:22:41","guid":{"rendered":"https:\/\/radiocresatelital.com\/?p=38970"},"modified":"2025-10-10T18:22:41","modified_gmt":"2025-10-10T18:22:41","slug":"maria-corina-machado-galardonada-como-premio-nobel-de-la-paz","status":"publish","type":"post","link":"https:\/\/radiocresatelital.com\/?p=38970","title":{"rendered":"Mar\u00eda Corina Machado galardonada como Premio Nobel de la Paz"},"content":{"rendered":"<p>Oslo.- La activista venezolana, Mar\u00eda Corina Machado ha sido galardonada con el Premio Nobel de la Paz por el Instituto Noruego del Nobel qui\u00e9n anunci\u00f3 el galard\u00f3n durante una ceremonia.<\/p>\n<p>El premio se otorga a una \u00abvaliente y comprometida defensora de la paz, una mujer que mantiene viva la llama de la democracia en medio de la creciente oscuridad\u00bb.<\/p>\n<p id=\"ob\">As\u00ed lo declar\u00f3 el Comit\u00e9 del Nobel en su declaraci\u00f3n de entrega del premio a Corina Machado.<\/p>\n<p>Machado \u00abrecibir\u00e1 el Premio Nobel de la Paz por su incansable labor en la promoci\u00f3n de los derechos democr\u00e1ticos del pueblo venezolano y por su lucha por lograr una transici\u00f3n justa y pac\u00edfica de la dictadura a la democracia\u00bb, declar\u00f3 el comit\u00e9 en su anuncio.<\/p>\n<p>Machado, seg\u00fan la declaraci\u00f3n, \u00abha sido una figura clave y unificadora en una oposici\u00f3n pol\u00edtica que antes estaba profundamente dividida, una oposici\u00f3n que encontr\u00f3 puntos en com\u00fan en la exigencia de elecciones libres y un gobierno representativo\u00bb.<\/p>\n<p>Esto, enfatiza el Comit\u00e9, \u00abes precisamente lo que yace en el coraz\u00f3n de la democracia: nuestra voluntad compartida de defender los principios del gobierno popular, incluso cuando discrepamos\u00bb.<\/p>\n<p>Las razones recuerdan la catastr\u00f3fica evoluci\u00f3n de Venezuela en los \u00faltimos a\u00f1os, \u00abde un pa\u00eds relativamente democr\u00e1tico y pr\u00f3spero a un estado brutal y autoritario que ahora atraviesa una crisis humanitaria y econ\u00f3mica\u00bb. El Comit\u00e9 del Nobel recuerda c\u00f3mo Machado luch\u00f3 \u00abpor unas elecciones libres y justas hace m\u00e1s de 20 a\u00f1os\u00bb, y como ella misma declar\u00f3, fue \u00abuna elecci\u00f3n entre las urnas y las balas\u00bb.<\/p>\n<p>El Comit\u00e9 quiso recordar c\u00f3mo Machado, durante el \u00faltimo a\u00f1o, \u00abse ha visto obligada a vivir en la clandestinidad. A pesar de las graves amenazas contra su vida, ha permanecido en el pa\u00eds, una decisi\u00f3n que ha inspirado a millones de personas\u00bb.<\/p>\n<p>\u00ab\u00a1Estoy en shock!\u00bb, declar\u00f3 Mar\u00eda Corina Machado tras el anuncio del Premio Nobel de la Paz, seg\u00fan revel\u00f3 un video del equipo de prensa.<br \/>\nSeg\u00fan la secretaria del Comit\u00e9, Machado afirm\u00f3: \u00abEste es un premio para todo un movimiento\u00bb.<\/p>\n<p>\u00abVivimos en un mundo donde la democracia est\u00e1 en retroceso, donde cada vez m\u00e1s reg\u00edmenes autoritarios desaf\u00edan las normas y recurren a la violencia\u00bb. Esto es lo que escribi\u00f3 el comit\u00e9 del Premio Nobel en su acta de concesi\u00f3n del Premio Nobel a Mar\u00eda Corina Machado.<\/p>\n<p>\u00abCuando los reg\u00edmenes autoritarios toman el poder, es crucial reconocer a los valientes defensores de la libertad que se rebelan y resisten\u00bb, a\u00f1adi\u00f3.<\/p>\n<p>Mar\u00eda Corina Machado, concluy\u00f3, \u00abcumple con los tres criterios establecidos en el testamento de Alfred Nobel para la selecci\u00f3n de un Premio Nobel de la Paz. Ha unido a la oposici\u00f3n de su pa\u00eds. Nunca ha flaqueado en su resistencia a la militarizaci\u00f3n de la sociedad venezolana. Ha sido firme en su apoyo a una transici\u00f3n pac\u00edfica a la democracia\u00bb.<\/p>\n","protected":false},"excerpt":{"rendered":"<p>Oslo.- La activista venezolana, Mar\u00eda Corina Machado ha sido galardonada con el Premio Nobel de la Paz por el Instituto Noruego del Nobel qui\u00e9n anunci\u00f3 el galard\u00f3n durante una ceremonia. El premio se otorga a una \u00abvaliente y comprometida defensora de la paz, una mujer que mantiene viva la llama de la democracia en medio [&hellip;]<\/p>\n","protected":false},"author":2,"featured_media":38971,"comment_status":"open","ping_status":"closed","sticky":false,"template":"","format":"standard","meta":{"_jetpack_memberships_contains_paid_content":false,"footnotes":""},"categories":[11],"tags":[2717,6166],"class_list":["post-38970","post","type-post","status-publish","format-standard","has-post-thumbnail","hentry","category-noticias-internacionales","tag-maria-corina-machado","tag-premio-nobelk-de-la-paz"],"jetpack_featured_media_url":"https:\/\/radiocresatelital.com\/wp-content\/uploads\/2025\/10\/f.elconfidencial.com_original_1f0_67e_1e8_1f067e1e8afdadf1e9f59dbd1740a2e5.jpg","jetpack_sharing_enabled":true,"_links":{"self":[{"href":"https:\/\/radiocresatelital.com\/index.php?rest_route=\/wp\/v2\/posts\/38970","targetHints":{"allow":["GET"]}}],"collection":[{"href":"https:\/\/radiocresatelital.com\/index.php?rest_route=\/wp\/v2\/posts"}],"about":[{"href":"https:\/\/radiocresatelital.com\/index.php?rest_route=\/wp\/v2\/types\/post"}],"author":[{"embeddable":true,"href":"https:\/\/radiocresatelital.com\/index.php?rest_route=\/wp\/v2\/users\/2"}],"replies":[{"embeddable":true,"href":"https:\/\/radiocresatelital.com\/index.php?rest_route=%2Fwp%2Fv2%2Fcomments&post=38970"}],"version-history":[{"count":1,"href":"https:\/\/radiocresatelital.com\/index.php?rest_route=\/wp\/v2\/posts\/38970\/revisions"}],"predecessor-version":[{"id":38972,"href":"https:\/\/radiocresatelital.com\/index.php?rest_route=\/wp\/v2\/posts\/38970\/revisions\/38972"}],"wp:featuredmedia":[{"embeddable":true,"href":"https:\/\/radiocresatelital.com\/index.php?rest_route=\/wp\/v2\/media\/38971"}],"wp:attachment":[{"href":"https:\/\/radiocresatelital.com\/index.php?rest_route=%2Fwp%2Fv2%2Fmedia&parent=38970"}],"wp:term":[{"taxonomy":"category","embeddable":true,"href":"https:\/\/radiocresatelital.com\/index.php?rest_route=%2Fwp%2Fv2%2Fcategories&post=38970"},{"taxonomy":"post_tag","embeddable":true,"href":"https:\/\/radiocresatelital.com\/index.php?rest_route=%2Fwp%2Fv2%2Ftags&post=38970"}],"curies":[{"name":"wp","href":"https:\/\/api.w.org\/{rel}","templated":true}]}}