{"id":38967,"date":"2025-10-09T18:41:16","date_gmt":"2025-10-09T18:41:16","guid":{"rendered":"https:\/\/radiocresatelital.com\/?p=38967"},"modified":"2025-10-10T02:43:46","modified_gmt":"2025-10-10T02:43:46","slug":"stephen-liang-se-jubilara-scott-armul-sera-director-de-productos-y-tecnologia-en-2026","status":"publish","type":"post","link":"https:\/\/radiocresatelital.com\/?p=38967","title":{"rendered":"Stephen Liang se jubilar\u00e1, Scott Armul ser\u00e1 Director de Productos y Tecnolog\u00eda en 2026"},"content":{"rendered":"<p>Columbus.<strong>&#8211; <\/strong>Vertiv (NYSE: VRT), l\u00edder mundial en infraestructura digital cr\u00edtica, anunci\u00f3 que, como parte de una transici\u00f3n previamente anunciada, el Director de Tecnolog\u00eda Stephen Liang se jubilar\u00e1 despu\u00e9s de tres d\u00e9cadas de distinguido servicio. Liang, quien dejar\u00e1 su cargo el 1 de enero de 2026, ha sido fundamental en la configuraci\u00f3n de la visi\u00f3n tecnol\u00f3gica de la empresa desde sus primeros roles en Emerson y durante toda la evoluci\u00f3n de Vertiv. A principios de este a\u00f1o, hizo la transici\u00f3n para enfocarse exclusivamente en sus responsabilidades como CTO, liderando la estrategia tecnol\u00f3gica y las iniciativas de innovaci\u00f3n de la empresa.<\/p>\n<p>\u00abLas contribuciones de Stephen a Vertiv han sido de gran alcance durante su mandato, y ha jugado un papel esencial en la definici\u00f3n e impulso de nuestra estrategia tecnol\u00f3gica y agenda de innovaci\u00f3n\u00bb, dijo Gio Albertazzi, CEO de Vertiv. \u00abSu liderazgo ha sido fundamental para posicionar a Vertiv como un innovador tecnol\u00f3gico en nuestra industria, y su legado continuar\u00e1 influyendo en nuestro \u00e9xito futuro\u00bb.<\/p>\n<p>Scott Armul ser\u00e1 nombrado para un rol ampliado como director de productos y tecnolog\u00eda, efectivo el 1 de enero de 2026. Armul fue promovido a vicepresidente ejecutivo de portafolio global y unidades de negocio el 1 de enero de 2025.<\/p>\n<p>En su rol ampliado, Armul supervisar\u00e1 la Oficina de Tecnolog\u00eda adem\u00e1s de sus responsabilidades liderando la investigaci\u00f3n y desarrollo de ingenier\u00eda y las unidades de negocio que componen el portafolio de soluciones de Vertiv. Esta realineaci\u00f3n estrat\u00e9gica de la Oficina de Tecnolog\u00eda con las unidades de negocio tiene como objetivo fortalecer la conexi\u00f3n entre el desarrollo tecnol\u00f3gico y la estrategia empresarial, permitiendo a Vertiv servir mejor a las necesidades evolutivas de los clientes.<\/p>\n<p>Armul, quien se uni\u00f3 a Vertiv en 2009, ha ocupado varios roles t\u00e9cnicos, de liderazgo y orientados al cliente dentro de la empresa, proporcion\u00e1ndole una comprensi\u00f3n integral del negocio y la din\u00e1mica del mercado. Su nombramiento representa el compromiso de Vertiv con el desarrollo del talento interno y el fomento de una cultura de alto rendimiento que crea oportunidades de crecimiento e impacto.<\/p>\n","protected":false},"excerpt":{"rendered":"<p>Columbus.&#8211; Vertiv (NYSE: VRT), l\u00edder mundial en infraestructura digital cr\u00edtica, anunci\u00f3 que, como parte de una transici\u00f3n previamente anunciada, el Director de Tecnolog\u00eda Stephen Liang se jubilar\u00e1 despu\u00e9s de tres d\u00e9cadas de distinguido servicio. Liang, quien dejar\u00e1 su cargo el 1 de enero de 2026, ha sido fundamental en la configuraci\u00f3n de la visi\u00f3n tecnol\u00f3gica [&hellip;]<\/p>\n","protected":false},"author":2,"featured_media":38968,"comment_status":"open","ping_status":"closed","sticky":false,"template":"","format":"standard","meta":{"_jetpack_memberships_contains_paid_content":false,"footnotes":""},"categories":[122],"tags":[1768],"class_list":["post-38967","post","type-post","status-publish","format-standard","has-post-thumbnail","hentry","category-tecnologia","tag-vertiv"],"jetpack_featured_media_url":"https:\/\/radiocresatelital.com\/wp-content\/uploads\/2025\/10\/Scott-Armul-Vertiv-570x570-1.jpg","jetpack_sharing_enabled":true,"_links":{"self":[{"href":"https:\/\/radiocresatelital.com\/index.php?rest_route=\/wp\/v2\/posts\/38967","targetHints":{"allow":["GET"]}}],"collection":[{"href":"https:\/\/radiocresatelital.com\/index.php?rest_route=\/wp\/v2\/posts"}],"about":[{"href":"https:\/\/radiocresatelital.com\/index.php?rest_route=\/wp\/v2\/types\/post"}],"author":[{"embeddable":true,"href":"https:\/\/radiocresatelital.com\/index.php?rest_route=\/wp\/v2\/users\/2"}],"replies":[{"embeddable":true,"href":"https:\/\/radiocresatelital.com\/index.php?rest_route=%2Fwp%2Fv2%2Fcomments&post=38967"}],"version-history":[{"count":1,"href":"https:\/\/radiocresatelital.com\/index.php?rest_route=\/wp\/v2\/posts\/38967\/revisions"}],"predecessor-version":[{"id":38969,"href":"https:\/\/radiocresatelital.com\/index.php?rest_route=\/wp\/v2\/posts\/38967\/revisions\/38969"}],"wp:featuredmedia":[{"embeddable":true,"href":"https:\/\/radiocresatelital.com\/index.php?rest_route=\/wp\/v2\/media\/38968"}],"wp:attachment":[{"href":"https:\/\/radiocresatelital.com\/index.php?rest_route=%2Fwp%2Fv2%2Fmedia&parent=38967"}],"wp:term":[{"taxonomy":"category","embeddable":true,"href":"https:\/\/radiocresatelital.com\/index.php?rest_route=%2Fwp%2Fv2%2Fcategories&post=38967"},{"taxonomy":"post_tag","embeddable":true,"href":"https:\/\/radiocresatelital.com\/index.php?rest_route=%2Fwp%2Fv2%2Ftags&post=38967"}],"curies":[{"name":"wp","href":"https:\/\/api.w.org\/{rel}","templated":true}]}}