{"id":38934,"date":"2025-10-09T18:50:32","date_gmt":"2025-10-09T18:50:32","guid":{"rendered":"https:\/\/radiocresatelital.com\/?p=38934"},"modified":"2025-10-10T01:31:56","modified_gmt":"2025-10-10T01:31:56","slug":"38934","status":"publish","type":"post","link":"https:\/\/radiocresatelital.com\/?p=38934","title":{"rendered":"\u00bf Nuevo Fiscal titular? El referendo y la Constituyente podr\u00edan alargar a\u00fan m\u00e1s la espera por la designaci\u00f3n"},"content":{"rendered":"<p>Quito.-El Consejo de Participaci\u00f3n Ciudadana y Control Social (CPCCS) tiene en marcha el concurso para designar al nuevo Fiscal General del Estado, que podr\u00eda terminar en abril de 2026.<\/p>\n<p>Sin embargo, el referendo de noviembre de 2025 podr\u00eda anular el proceso si los ecuatorianos aprueban que la elecci\u00f3n de autoridades pase a la Asamblea Nacional o si se convoca una Asamblea Constituyente que elimine al CPCCS.<\/p>\n<p><strong>Una designaci\u00f3n en espera<\/strong><br \/>\nLa elecci\u00f3n del nuevo Fiscal General del Estado (FGE) deb\u00eda estar lista para abril de 2025. A inicios de ese mes culmin\u00f3 el per\u00edodo para el que hab\u00eda sido designada Diana Salazar, quien se prorrog\u00f3 un mes m\u00e1s hasta que renunci\u00f3 y fue nombrada embajadora en Argentina por el presidente Daniel Noboa.<\/p>\n<p>A mediados de mayo, la titularidad del Ministerio P\u00fablico la asumi\u00f3 Wilson Toainga, su subrogante durante seis a\u00f1os.<\/p>\n<p>Y a inicios de octubre de 2025, el Consejo de la Judicatura (CJ) design\u00f3 a Carlos Alarc\u00f3n como subrogante de Toainga, quien ya se principaliz\u00f3 entre el 5 y el 10 de octubre por un viaje de Toainga a Brasil.<\/p>\n<p>Seis meses despu\u00e9s del plazo inicial, el CPCCS a\u00fan no logra nombrar al nuevo Fiscal General y no hay indicios de que ocurra pronto.<\/p>\n<p><strong>Demoras acumuladas<\/strong><\/p>\n<p>El CPCCS lleva m\u00e1s de un a\u00f1o en el proceso de designaci\u00f3n. En septiembre de 2024, el Pleno del organismo \u2014entonces con mayor\u00eda corre\u00edsta\u2014 aprob\u00f3 el reglamento del concurso.<\/p>\n<p>Ese documento recibi\u00f3 cr\u00edticas de gremios y sectores sociales, y tras la destituci\u00f3n de los vocales corre\u00edstas por el Tribunal Contencioso Electoral (TCE), el reglamento fue revisado y finalmente aprobado en junio de 2025.<\/p>\n<p>En agosto, comenz\u00f3 la selecci\u00f3n de los cinco comisionados ciudadanos, con 42 postulantes. Seg\u00fan el cronograma, el proceso concluir\u00e1 a finales de octubre y, una vez conformada la comisi\u00f3n, la designaci\u00f3n tomar\u00e1 unos seis meses.<\/p>\n<p>Por tanto, el nuevo Fiscal General se designar\u00eda en abril de 2026, con un a\u00f1o de retraso.<\/p>\n<p><strong>El referendo y la Constituyente<\/strong><\/p>\n<p>Pese a las proyecciones, dos factores pol\u00edticos podr\u00edan retrasar a\u00fan m\u00e1s la designaci\u00f3n:<\/p>\n<p>El referendo de noviembre de 2025, que podr\u00eda quitar al CPCCS la facultad de designar autoridades.<\/p>\n<p>La posible instalaci\u00f3n de una Asamblea Constituyente que redacte una nueva Constituci\u00f3n.<\/p>\n<p>Por ahora, la Corte Constitucional (CC) ha validado solo dos preguntas del referendo propuesto por el presidente Daniel Noboa, sin incluir la relacionada con la designaci\u00f3n de autoridades.<\/p>\n<p>Si la pregunta se incluye y gana el S\u00ed, todos los concursos organizados por el CPCCS se cancelar\u00e1n, y la Asamblea Nacional asumir\u00e1 las designaciones.<\/p>\n<p>Si adem\u00e1s se aprueba la Constituyente, el pa\u00eds entrar\u00eda en un proceso que podr\u00eda extenderse hasta 2027, lo que dejar\u00eda en suspenso la elecci\u00f3n del nuevo Fiscal.<\/p>\n<p><strong>Otros procesos en pausa<\/strong><\/p>\n<p>El concurso para el Ministerio P\u00fablico no es el \u00fanico pendiente. Actualmente, el CPCCS tiene cuatro procesos de designaci\u00f3n de autoridades en tr\u00e1mite, la mayor\u00eda en etapas iniciales.<br \/>\nPor tanto, ninguno tiene garant\u00eda de concretarse antes de que se defina el futuro del organismo.<\/p>\n<p>Colaboraci\u00f3n: Xavier Macias<\/p>\n","protected":false},"excerpt":{"rendered":"<p>Quito.-El Consejo de Participaci\u00f3n Ciudadana y Control Social (CPCCS) tiene en marcha el concurso para designar al nuevo Fiscal General del Estado, que podr\u00eda terminar en abril de 2026. Sin embargo, el referendo de noviembre de 2025 podr\u00eda anular el proceso si los ecuatorianos aprueban que la elecci\u00f3n de autoridades pase a la Asamblea Nacional [&hellip;]<\/p>\n","protected":false},"author":3,"featured_media":38935,"comment_status":"open","ping_status":"closed","sticky":false,"template":"","format":"standard","meta":{"_jetpack_memberships_contains_paid_content":false,"footnotes":""},"categories":[13],"tags":[6160],"class_list":["post-38934","post","type-post","status-publish","format-standard","has-post-thumbnail","hentry","category-noticias-nacionales","tag-fiscaliageneraldelestado-asambleaconstituyente-consultapopular2025-cpccs-corteconstitucional"],"jetpack_featured_media_url":"https:\/\/radiocresatelital.com\/wp-content\/uploads\/2025\/10\/Gy5Cpa8WwAE2tyI-1-4.jpeg","jetpack_sharing_enabled":true,"_links":{"self":[{"href":"https:\/\/radiocresatelital.com\/index.php?rest_route=\/wp\/v2\/posts\/38934","targetHints":{"allow":["GET"]}}],"collection":[{"href":"https:\/\/radiocresatelital.com\/index.php?rest_route=\/wp\/v2\/posts"}],"about":[{"href":"https:\/\/radiocresatelital.com\/index.php?rest_route=\/wp\/v2\/types\/post"}],"author":[{"embeddable":true,"href":"https:\/\/radiocresatelital.com\/index.php?rest_route=\/wp\/v2\/users\/3"}],"replies":[{"embeddable":true,"href":"https:\/\/radiocresatelital.com\/index.php?rest_route=%2Fwp%2Fv2%2Fcomments&post=38934"}],"version-history":[{"count":5,"href":"https:\/\/radiocresatelital.com\/index.php?rest_route=\/wp\/v2\/posts\/38934\/revisions"}],"predecessor-version":[{"id":38940,"href":"https:\/\/radiocresatelital.com\/index.php?rest_route=\/wp\/v2\/posts\/38934\/revisions\/38940"}],"wp:featuredmedia":[{"embeddable":true,"href":"https:\/\/radiocresatelital.com\/index.php?rest_route=\/wp\/v2\/media\/38935"}],"wp:attachment":[{"href":"https:\/\/radiocresatelital.com\/index.php?rest_route=%2Fwp%2Fv2%2Fmedia&parent=38934"}],"wp:term":[{"taxonomy":"category","embeddable":true,"href":"https:\/\/radiocresatelital.com\/index.php?rest_route=%2Fwp%2Fv2%2Fcategories&post=38934"},{"taxonomy":"post_tag","embeddable":true,"href":"https:\/\/radiocresatelital.com\/index.php?rest_route=%2Fwp%2Fv2%2Ftags&post=38934"}],"curies":[{"name":"wp","href":"https:\/\/api.w.org\/{rel}","templated":true}]}}