{"id":38877,"date":"2025-10-08T23:46:27","date_gmt":"2025-10-08T23:46:27","guid":{"rendered":"https:\/\/radiocresatelital.com\/?p=38877"},"modified":"2025-10-08T23:46:27","modified_gmt":"2025-10-08T23:46:27","slug":"estoy-muy-feliz-de-estar-aqui-me-enorgullece-y-dare-el-100-para-que-el-pueblo-argelino-se-sienta-orgulloso-luca-zidane","status":"publish","type":"post","link":"https:\/\/radiocresatelital.com\/?p=38877","title":{"rendered":"Estoy muy feliz de estar aqu\u00ed.\u00a0Me enorgullece y dar\u00e9 el 100% para que el pueblo argelino se sienta orgulloso, Luca Zidane"},"content":{"rendered":"<p>Argel.- Uno de los hijos del exvolante franc\u00e9s, Zinedine Zidane se encuentra muy feliz de jugar por la selecci\u00f3n de Argelia, ya que ha sido convocado por primera vez de cara los partidos contra Somalia y Uganda por las Eliminatorias africanas al Mundial 2026.<\/p>\n<p>\u00abEstoy muy feliz de estar aqu\u00ed.\u00a0Me enorgullece y dar\u00e9 el 100% para que el pueblo argelino se sienta orgulloso\u00bb, garantiz\u00f3 Luca Zidane durante una conferencia de prensa en Or\u00e1n.<\/p>\n<p>Luca Zidane, de 27 a\u00f1os, jug\u00f3 en la selecci\u00f3n juvenil francesa, pero acept\u00f3 la convocatoria del DT bosnio Vladimir Petkovic y jugar para Argelia, donde nacieron sus abuelos.<\/p>\n<p>El guardameta del Granada, que compite en la segunda divisi\u00f3n del f\u00fatbol espa\u00f1ol, cambi\u00f3 de nacionalidad en septiembre pasado, tras no haber representado nunca a la selecci\u00f3n mayor de Francia, con la que su padre gan\u00f3 el Mundial 98.<\/p>\n<p><img decoding=\"async\" class=\"aligncenter\" src=\"https:\/\/www.ansalatina.com\/webimages\/news_base\/2022\/2\/26\/0d474f4635e281f47abe0e7bf036a8cc.jpg\" alt=\"\u00a9 ANSA\/EPA\" \/><br \/>\n\u00abToda mi familia est\u00e1 orgullosa de m\u00ed y apoya mi decisi\u00f3n. Mi abuelo est\u00e1 feliz de que est\u00e9 en Argelia y de que haya tomado esta decisi\u00f3n\u00bb, insisti\u00f3 Luca Zidane, quien subray\u00f3 que su padre \u00abtuvo su propia carrera\u00bb.<\/p>\n<p>\u00abEn cuanto a m\u00ed, tengo mi propio camino, mi propia carrera\u00bb, complet\u00f3 Luca Zidane, quien buscar\u00e1 ayudar a que Argelia se convierta en la cuarta selecci\u00f3n africana en clasificarse al Mundial 2026 en cado de vencer a Somalia.<\/p>\n<p>\u00abEl primer objetivo es ma\u00f1ana, contra Somalia, tenemos que ganar para clasificarnos al Mundial\u00bb, enfatiz\u00f3 Luca Zidane de cara al partidos previsto ma\u00f1ana, cinco d\u00edas antes del duelo contra Uganda por las \u00faltimas dos fechas del Grupo G de las Eliminatorias africanas.<\/p>\n<p>Argelia, que busca su quinta presencia en una Copa del Mundo, lidera la tabla de posiciones de la zona con 19 unidades, cuatro m\u00e1s que Uganda y Mozambique, mientras que Somalia marcha en el \u00faltimo puesto con s\u00f3lo 1 punto.<\/p>\n","protected":false},"excerpt":{"rendered":"<p>Argel.- Uno de los hijos del exvolante franc\u00e9s, Zinedine Zidane se encuentra muy feliz de jugar por la selecci\u00f3n de Argelia, ya que ha sido convocado por primera vez de cara los partidos contra Somalia y Uganda por las Eliminatorias africanas al Mundial 2026. \u00abEstoy muy feliz de estar aqu\u00ed.\u00a0Me enorgullece y dar\u00e9 el 100% [&hellip;]<\/p>\n","protected":false},"author":2,"featured_media":38878,"comment_status":"open","ping_status":"closed","sticky":false,"template":"","format":"standard","meta":{"_jetpack_memberships_contains_paid_content":false,"footnotes":""},"categories":[7],"tags":[6153],"class_list":["post-38877","post","type-post","status-publish","format-standard","has-post-thumbnail","hentry","category-futbol-internacional","tag-luca-zidane"],"jetpack_featured_media_url":"https:\/\/radiocresatelital.com\/wp-content\/uploads\/2025\/10\/luca-zidane-687e2d58b7e29.jpg","jetpack_sharing_enabled":true,"_links":{"self":[{"href":"https:\/\/radiocresatelital.com\/index.php?rest_route=\/wp\/v2\/posts\/38877","targetHints":{"allow":["GET"]}}],"collection":[{"href":"https:\/\/radiocresatelital.com\/index.php?rest_route=\/wp\/v2\/posts"}],"about":[{"href":"https:\/\/radiocresatelital.com\/index.php?rest_route=\/wp\/v2\/types\/post"}],"author":[{"embeddable":true,"href":"https:\/\/radiocresatelital.com\/index.php?rest_route=\/wp\/v2\/users\/2"}],"replies":[{"embeddable":true,"href":"https:\/\/radiocresatelital.com\/index.php?rest_route=%2Fwp%2Fv2%2Fcomments&post=38877"}],"version-history":[{"count":1,"href":"https:\/\/radiocresatelital.com\/index.php?rest_route=\/wp\/v2\/posts\/38877\/revisions"}],"predecessor-version":[{"id":38879,"href":"https:\/\/radiocresatelital.com\/index.php?rest_route=\/wp\/v2\/posts\/38877\/revisions\/38879"}],"wp:featuredmedia":[{"embeddable":true,"href":"https:\/\/radiocresatelital.com\/index.php?rest_route=\/wp\/v2\/media\/38878"}],"wp:attachment":[{"href":"https:\/\/radiocresatelital.com\/index.php?rest_route=%2Fwp%2Fv2%2Fmedia&parent=38877"}],"wp:term":[{"taxonomy":"category","embeddable":true,"href":"https:\/\/radiocresatelital.com\/index.php?rest_route=%2Fwp%2Fv2%2Fcategories&post=38877"},{"taxonomy":"post_tag","embeddable":true,"href":"https:\/\/radiocresatelital.com\/index.php?rest_route=%2Fwp%2Fv2%2Ftags&post=38877"}],"curies":[{"name":"wp","href":"https:\/\/api.w.org\/{rel}","templated":true}]}}