{"id":38839,"date":"2025-10-08T17:44:10","date_gmt":"2025-10-08T17:44:10","guid":{"rendered":"https:\/\/radiocresatelital.com\/?p=38839"},"modified":"2025-10-08T18:47:19","modified_gmt":"2025-10-08T18:47:19","slug":"sheinbaum-pide-aclarar-el-presunto-atentado-contra-noboa-y-llama-a-la-paz-en-las-protestas","status":"publish","type":"post","link":"https:\/\/radiocresatelital.com\/?p=38839","title":{"rendered":"Sheinbaum pide aclarar el presunto atentado contra Noboa y llama a la paz en las protestas"},"content":{"rendered":"<p>M\u00e9xico.- Primero tiene que aclararse en qu\u00e9 circunstancias se dio, nosotros nunca vamos a estar a favor de un atentado, jam\u00e1s. Cualquier decisi\u00f3n en un pa\u00eds, desde nuestra perspectiva, tiene que hacerse de manera pac\u00edfica. Pero, primero, pues tiene que aclararse y despu\u00e9s quiz\u00e1 ya podr\u00edamos comentar m\u00e1s\u00bb, dijo Sheinbaum en su conferencia de todos los d\u00edas en Palacio Nacional.<\/p>\n<p>\u00abM\u00e1s que atentado fueron pedradas que se dieron a un auto, porque el atentado podr\u00eda parecer con arma de fuego o algo as\u00ed. Fueron pedradas de un grupo contra su veh\u00edculo, pero de cualquier manera nosotros siempre buscamos soluciones pac\u00edficas en cualquier circunstancia\u00bb, a\u00f1adi\u00f3.<\/p>\n<p>El ataque ocurri\u00f3 durante la tarde de este martes en la sure\u00f1a provincia ecuatoriana de Ca\u00f1ar, a la que Noboa se traslad\u00f3 para realizar una serie de actividades oficiales.<\/p>\n<p>De acuerdo con im\u00e1genes difundidas en redes sociales, un grupo de ind\u00edgenas de la zona que bloqueaba una de las carreteras de la provincia apedre\u00f3 la caravana en la que se trasladaba el mandatario, lo que caus\u00f3 destrozos en los veh\u00edculos, que quedaron algunos con vidrios rotos y abolladuras.<\/p>\n<p>Tras el ataque, la ministra ecuatoriana de Ambiente y Energ\u00eda, In\u00e9s Manzano, present\u00f3 una denuncia ante la Fiscal\u00eda por presunto intento de asesinato contra el gobernante, al se\u00f1alar que el veh\u00edculo presidencial recibi\u00f3 incluso un impacto de bala, algo que no alcanza a apreciarse en las im\u00e1genes difundidas por la misma Presidencia.<\/p>\n<p>Noboa sali\u00f3 ileso y estuvo presente en el evento que estaba previsto.<\/p>\n<p>Ecuador lleva diecis\u00e9is d\u00edas envuelto en una serie de protestas y movilizaciones lideradas por la Confederaci\u00f3n de Nacionalidades Ind\u00edgenas (Conaie), inicialmente en rechazo a la eliminaci\u00f3n del subsidio al di\u00e9sel decretada por Noboa, que elev\u00f3 su precio de 1,80 a m\u00e1s de 2,80 d\u00f3lares por gal\u00f3n (3,78 litros).<\/p>\n<p>M\u00e9xico rompi\u00f3 sus relaciones diplom\u00e1ticas con Ecuador tras el asalto perpetrado el 5 de abril de 2024 por la Polic\u00eda ecuatoriana a la embajada mexicana en Quito, donde detuvo al exvicepresidente Jorge Glas (2007-2017), quien estaba resguardado ah\u00ed desde diciembre y gozaba en ese momento de asilo pol\u00edtico.<\/p>\n<p>M\u00e9xico y Ecuador se han demandado mutuamente ante la Corte Internacional de Justicia (CIJ) por los hechos ocurridos el 5 de abril, con acusaciones mutuas de haber transgredido convenios y normas internacionales.<\/p>\n<p>Colaboraci\u00f3n: Xavier Vel\u00e1squez<\/p>\n","protected":false},"excerpt":{"rendered":"<p>M\u00e9xico.- Primero tiene que aclararse en qu\u00e9 circunstancias se dio, nosotros nunca vamos a estar a favor de un atentado, jam\u00e1s. Cualquier decisi\u00f3n en un pa\u00eds, desde nuestra perspectiva, tiene que hacerse de manera pac\u00edfica. Pero, primero, pues tiene que aclararse y despu\u00e9s quiz\u00e1 ya podr\u00edamos comentar m\u00e1s\u00bb, dijo Sheinbaum en su conferencia de todos [&hellip;]<\/p>\n","protected":false},"author":3,"featured_media":38840,"comment_status":"open","ping_status":"closed","sticky":false,"template":"","format":"standard","meta":{"_jetpack_memberships_contains_paid_content":false,"footnotes":""},"categories":[11],"tags":[6147],"class_list":["post-38839","post","type-post","status-publish","format-standard","has-post-thumbnail","hentry","category-noticias-internacionales","tag-atentadocontranoboa-sheinbaumpidepaz-protestaspacificas-ecuadorprotesta-relacionesmexicoecuador-danielnoboa-claudiasheinbaum-canarecuador"],"jetpack_featured_media_url":"https:\/\/radiocresatelital.com\/wp-content\/uploads\/2025\/10\/w1280-p16x9-2024-10-28T154725Z_2038132720_RC26CAAWKYZK_RTRMADP_3_MEXICO-BOLIVIA.jpg","jetpack_sharing_enabled":true,"_links":{"self":[{"href":"https:\/\/radiocresatelital.com\/index.php?rest_route=\/wp\/v2\/posts\/38839","targetHints":{"allow":["GET"]}}],"collection":[{"href":"https:\/\/radiocresatelital.com\/index.php?rest_route=\/wp\/v2\/posts"}],"about":[{"href":"https:\/\/radiocresatelital.com\/index.php?rest_route=\/wp\/v2\/types\/post"}],"author":[{"embeddable":true,"href":"https:\/\/radiocresatelital.com\/index.php?rest_route=\/wp\/v2\/users\/3"}],"replies":[{"embeddable":true,"href":"https:\/\/radiocresatelital.com\/index.php?rest_route=%2Fwp%2Fv2%2Fcomments&post=38839"}],"version-history":[{"count":2,"href":"https:\/\/radiocresatelital.com\/index.php?rest_route=\/wp\/v2\/posts\/38839\/revisions"}],"predecessor-version":[{"id":38848,"href":"https:\/\/radiocresatelital.com\/index.php?rest_route=\/wp\/v2\/posts\/38839\/revisions\/38848"}],"wp:featuredmedia":[{"embeddable":true,"href":"https:\/\/radiocresatelital.com\/index.php?rest_route=\/wp\/v2\/media\/38840"}],"wp:attachment":[{"href":"https:\/\/radiocresatelital.com\/index.php?rest_route=%2Fwp%2Fv2%2Fmedia&parent=38839"}],"wp:term":[{"taxonomy":"category","embeddable":true,"href":"https:\/\/radiocresatelital.com\/index.php?rest_route=%2Fwp%2Fv2%2Fcategories&post=38839"},{"taxonomy":"post_tag","embeddable":true,"href":"https:\/\/radiocresatelital.com\/index.php?rest_route=%2Fwp%2Fv2%2Ftags&post=38839"}],"curies":[{"name":"wp","href":"https:\/\/api.w.org\/{rel}","templated":true}]}}