{"id":38787,"date":"2025-10-08T14:44:45","date_gmt":"2025-10-08T14:44:45","guid":{"rendered":"https:\/\/radiocresatelital.com\/?p=38787"},"modified":"2025-10-08T14:44:45","modified_gmt":"2025-10-08T14:44:45","slug":"un-obrero-ecuatoriano-entre-las-cuatro-victimas-del-colapso-de-un-edificio-en-el-centro-de-madrid","status":"publish","type":"post","link":"https:\/\/radiocresatelital.com\/?p=38787","title":{"rendered":"Un obrero ecuatoriano entre las cuatro v\u00edctimas del colapso de un edificio en el centro de Madrid ."},"content":{"rendered":"<p>Madrid.- La tragedia sacudi\u00f3 un barrio del centro de Madrid el 7 de octubre, cuando un edificio en obras destinado a convertirse en hotel se desplom\u00f3 desde sus forjados superiores poco antes de las 13:00. La alerta inicial se\u00f1alaba que *cuatro personas hab\u00edan quedado atrapadas*, y sus cuerpos fueron hallados entre los escombros en la madrugada siguiente.<\/p>\n<p>Entre las v\u00edctimas estaban *tres obreros* \u2014Jorge, ecuatoriano; Damb\u00e9l\u00e9, de Mal\u00ed; y Alfa, de Guinea\u2014 y *una arquitecta supervisora* llamada Laura, de unos 30 a\u00f1os. Los obreros ten\u00edan entre 30 y 50 a\u00f1os y trabajaban para la constructora encargada de la rehabilitaci\u00f3n del inmueble, construido en 1965 con seis plantas m\u00e1s s\u00f3tano. Durante la obra, los forjados cedieron hacia el interior, provocando el colapso parcial del edificio.<\/p>\n<p>El operativo de rescate implic\u00f3 *18 dotaciones de bomberos, 13 unidades del SAMUR-Protecci\u00f3n Civil, Polic\u00eda Municipal, equipos caninos y drones*, adem\u00e1s de maquinaria pesada facilitada por la empresa constructora. La operaci\u00f3n se prolong\u00f3 varias horas debido a la inestabilidad de la estructura.<\/p>\n<p>El *Juzgado de Instrucci\u00f3n n\u00famero 43 de Madrid* abri\u00f3 una investigaci\u00f3n judicial sobre el derrumbe, mientras que vecinos hab\u00edan denunciado previamente modificaciones en paredes de carga y vigas, aunque a\u00fan se verifica si esas denuncias ingresaron oficialmente al Ayuntamiento.<\/p>\n<p>El incidente pone en evidencia que los *trabajadores migrantes en Espa\u00f1a sufren m\u00e1s accidentes laborales que los nacionales, especialmente en sectores precarios como la construcci\u00f3n. Seg\u00fan datos del Instituto Nacional de Seguridad y Salud en el Trabajo, los trabajadores extranjeros presentan un **36% m\u00e1s de riesgo de lesiones* y los contratos temporales aumentan considerablemente la vulnerabilidad.<\/p>\n<p>En la Comunidad de Madrid, el *36% de los trabajadores de la construcci\u00f3n son migrantes*, quienes suelen ocupar los puestos m\u00e1s peligrosos, como peones o trabajadores cualificados de obra. Jorge, el obrero ecuatoriano, se suma as\u00ed a la larga lista de v\u00edctimas extranjeras de accidentes laborales en Espa\u00f1a.<\/p>\n<p>Colaboraci\u00f3n: Xavier Vel\u00e1squez <\/p>\n","protected":false},"excerpt":{"rendered":"<p>Madrid.- La tragedia sacudi\u00f3 un barrio del centro de Madrid el 7 de octubre, cuando un edificio en obras destinado a convertirse en hotel se desplom\u00f3 desde sus forjados superiores poco antes de las 13:00. La alerta inicial se\u00f1alaba que *cuatro personas hab\u00edan quedado atrapadas*, y sus cuerpos fueron hallados entre los escombros en la [&hellip;]<\/p>\n","protected":false},"author":3,"featured_media":38789,"comment_status":"open","ping_status":"closed","sticky":false,"template":"","format":"standard","meta":{"_jetpack_memberships_contains_paid_content":false,"footnotes":""},"categories":[11],"tags":[6138],"class_list":["post-38787","post","type-post","status-publish","format-standard","has-post-thumbnail","hentry","category-noticias-internacionales","tag-madrid-construccion-migrantes-migrantes"],"jetpack_featured_media_url":"https:\/\/radiocresatelital.com\/wp-content\/uploads\/2025\/10\/68a784cc7365c.r_d.1388-1158-2983.jpeg","jetpack_sharing_enabled":true,"_links":{"self":[{"href":"https:\/\/radiocresatelital.com\/index.php?rest_route=\/wp\/v2\/posts\/38787","targetHints":{"allow":["GET"]}}],"collection":[{"href":"https:\/\/radiocresatelital.com\/index.php?rest_route=\/wp\/v2\/posts"}],"about":[{"href":"https:\/\/radiocresatelital.com\/index.php?rest_route=\/wp\/v2\/types\/post"}],"author":[{"embeddable":true,"href":"https:\/\/radiocresatelital.com\/index.php?rest_route=\/wp\/v2\/users\/3"}],"replies":[{"embeddable":true,"href":"https:\/\/radiocresatelital.com\/index.php?rest_route=%2Fwp%2Fv2%2Fcomments&post=38787"}],"version-history":[{"count":1,"href":"https:\/\/radiocresatelital.com\/index.php?rest_route=\/wp\/v2\/posts\/38787\/revisions"}],"predecessor-version":[{"id":38790,"href":"https:\/\/radiocresatelital.com\/index.php?rest_route=\/wp\/v2\/posts\/38787\/revisions\/38790"}],"wp:featuredmedia":[{"embeddable":true,"href":"https:\/\/radiocresatelital.com\/index.php?rest_route=\/wp\/v2\/media\/38789"}],"wp:attachment":[{"href":"https:\/\/radiocresatelital.com\/index.php?rest_route=%2Fwp%2Fv2%2Fmedia&parent=38787"}],"wp:term":[{"taxonomy":"category","embeddable":true,"href":"https:\/\/radiocresatelital.com\/index.php?rest_route=%2Fwp%2Fv2%2Fcategories&post=38787"},{"taxonomy":"post_tag","embeddable":true,"href":"https:\/\/radiocresatelital.com\/index.php?rest_route=%2Fwp%2Fv2%2Ftags&post=38787"}],"curies":[{"name":"wp","href":"https:\/\/api.w.org\/{rel}","templated":true}]}}