{"id":38783,"date":"2025-10-08T01:43:23","date_gmt":"2025-10-08T01:43:23","guid":{"rendered":"https:\/\/radiocresatelital.com\/?p=38783"},"modified":"2025-10-08T01:43:39","modified_gmt":"2025-10-08T01:43:39","slug":"ha-llegado-el-momento-de-cerrar-un-capitulo-verdaderamente-significativo-en-mi-vida-jordi-alba-jordi-alba","status":"publish","type":"post","link":"https:\/\/radiocresatelital.com\/?p=38783","title":{"rendered":"Ha llegado el momento de cerrar un cap\u00edtulo verdaderamente significativo en mi vida, Jordi Alba Jordi Alba"},"content":{"rendered":"<div class=\"text-module__text__0GDob text-module__dark-grey__UFC18 text-module__regular__qJJtA text-module__small__sph8i body-module__full_width__kCIGb body-module__small_body__gOmDf article-body-module__paragraph__Ts-yF\" data-testid=\"paragraph-0\">\n<p><span dir=\"auto\">Miami.- Jordi Alba quien disputara mundiales de f\u00fatbol con Espa\u00f1a y jug\u00f3 en FC Barcelona ha tomado la decisi\u00f3n de retirarse del f\u00fatbol al final de la temporada de la Major League Soccer (MLS), dijo el jugador del Inter de Miami.<\/span><\/p>\n<p>Alba comenz\u00f3 su carrera juvenil en el Barcelona, \u200b\u200bque lo dej\u00f3 libre por ser demasiado peque\u00f1o, pero fich\u00f3 nuevamente en 2012 procedente del Valencia por 14 millones de euros (16,34 millones de d\u00f3lares) y pas\u00f3 11 temporadas en el club catal\u00e1n.<\/p>\n<\/div>\n<div class=\"text-module__text__0GDob text-module__dark-grey__UFC18 text-module__regular__qJJtA text-module__small__sph8i body-module__full_width__kCIGb body-module__small_body__gOmDf article-body-module__paragraph__Ts-yF\" data-testid=\"paragraph-1\">\n<p>Se uni\u00f3 al Inter Miami en 2023, uni\u00e9ndose a sus ex compa\u00f1eros Lionel Messi, Sergio Busquets y Luis Su\u00e1rez, mientras que otro ex colega del Bar\u00e7a, Javier Mascherano, es el actual entrenador en jefe.<\/p>\n<\/div>\n<div class=\"article-body-module__element__5eCce\" data-testid=\"element\">\n<div class=\"divider-container-module__container__MpXC- default divider-container-module__max-width__KpWSo\" data-testid=\"ResponsiveAdSlot\">\n<div class=\"ad-slot-module__container__VEdre ad-slot-module__fixed-height__W8iWX ad-slot-module__canvas-container__-IBdf\">\n<div class=\"ad-slot-module__inner__tEY-D ad-slot-module__inline-canvas__VTi-H\">\n<div id=\"reuters_desktop_native_1\" class=\"ad-slot-module__slot__rdFsT\" data-google-query-id=\"CKbApZm7k5ADFVHmlAkdtjo1Ug\">\n<div id=\"google_ads_iframe_\/4735792\/reuters.com\/sports\/soccer\/article_1__container__\">\n<div draggable=\"false\" data-cc-id=\"2124618\">\n<div draggable=\"false\">\n<div draggable=\"false\">\n<div draggable=\"false\">\n<div draggable=\"false\">\n<div draggable=\"false\">\u00abHa llegado el momento de cerrar un cap\u00edtulo verdaderamente significativo en mi vida\u00bb, dijo Alba en un video publicado en Instagram.<\/div>\n<\/div>\n<\/div>\n<\/div>\n<\/div>\n<\/div>\n<\/div>\n<\/div>\n<\/div>\n<\/div>\n<\/div>\n<\/div>\n<div class=\"text-module__text__0GDob text-module__dark-grey__UFC18 text-module__regular__qJJtA text-module__small__sph8i body-module__full_width__kCIGb body-module__small_body__gOmDf article-body-module__paragraph__Ts-yF\" data-testid=\"paragraph-3\">\n<p>He decidido poner punto final a mi carrera futbol\u00edstica profesional al finalizar esta temporada. Lo hago con total convicci\u00f3n, con paz y con felicidad.<\/p>\n<\/div>\n<div class=\"text-module__text__0GDob text-module__dark-grey__UFC18 text-module__regular__qJJtA text-module__small__sph8i body-module__full_width__kCIGb body-module__small_body__gOmDf article-body-module__paragraph__Ts-yF\" data-testid=\"paragraph-4\">\n<p>El jugador de 36 a\u00f1os se retir\u00f3 del f\u00fatbol internacional en 2023 despu\u00e9s de disputar 93 partidos con Espa\u00f1a y form\u00f3 parte del equipo ganador de la Eurocopa 2012, donde marc\u00f3 en la victoria por 4-0 sobre Italia en la final.<\/p>\n<\/div>\n<div class=\"text-module__text__0GDob text-module__dark-grey__UFC18 text-module__regular__qJJtA text-module__small__sph8i body-module__full_width__kCIGb body-module__small_body__gOmDf article-body-module__paragraph__Ts-yF\" data-testid=\"paragraph-5\">\n<p>Alba gan\u00f3 seis t\u00edtulos de LaLiga con el Barcelona, \u200b\u200badem\u00e1s de la Champions League, el Mundial de Clubes y cinco Copas del Rey. En Estados Unidos, gan\u00f3 la Leagues Cup y el Supporters&#8217; Shield, y se despedir\u00e1 en noviembre tras los playoffs de la MLS.<\/p>\n<\/div>\n","protected":false},"excerpt":{"rendered":"<p>Miami.- Jordi Alba quien disputara mundiales de f\u00fatbol con Espa\u00f1a y jug\u00f3 en FC Barcelona ha tomado la decisi\u00f3n de retirarse del f\u00fatbol al final de la temporada de la Major League Soccer (MLS), dijo el jugador del Inter de Miami. Alba comenz\u00f3 su carrera juvenil en el Barcelona, \u200b\u200bque lo dej\u00f3 libre por ser [&hellip;]<\/p>\n","protected":false},"author":2,"featured_media":38784,"comment_status":"open","ping_status":"closed","sticky":false,"template":"","format":"standard","meta":{"_jetpack_memberships_contains_paid_content":false,"footnotes":""},"categories":[7],"tags":[6137],"class_list":["post-38783","post","type-post","status-publish","format-standard","has-post-thumbnail","hentry","category-futbol-internacional","tag-jordi-alba"],"jetpack_featured_media_url":"https:\/\/radiocresatelital.com\/wp-content\/uploads\/2025\/10\/f.elconfidencial.com_original_9c7_1e8_b63_9c71e8b63ea97c4631b57965d3f600e9.jpg","jetpack_sharing_enabled":true,"_links":{"self":[{"href":"https:\/\/radiocresatelital.com\/index.php?rest_route=\/wp\/v2\/posts\/38783","targetHints":{"allow":["GET"]}}],"collection":[{"href":"https:\/\/radiocresatelital.com\/index.php?rest_route=\/wp\/v2\/posts"}],"about":[{"href":"https:\/\/radiocresatelital.com\/index.php?rest_route=\/wp\/v2\/types\/post"}],"author":[{"embeddable":true,"href":"https:\/\/radiocresatelital.com\/index.php?rest_route=\/wp\/v2\/users\/2"}],"replies":[{"embeddable":true,"href":"https:\/\/radiocresatelital.com\/index.php?rest_route=%2Fwp%2Fv2%2Fcomments&post=38783"}],"version-history":[{"count":2,"href":"https:\/\/radiocresatelital.com\/index.php?rest_route=\/wp\/v2\/posts\/38783\/revisions"}],"predecessor-version":[{"id":38786,"href":"https:\/\/radiocresatelital.com\/index.php?rest_route=\/wp\/v2\/posts\/38783\/revisions\/38786"}],"wp:featuredmedia":[{"embeddable":true,"href":"https:\/\/radiocresatelital.com\/index.php?rest_route=\/wp\/v2\/media\/38784"}],"wp:attachment":[{"href":"https:\/\/radiocresatelital.com\/index.php?rest_route=%2Fwp%2Fv2%2Fmedia&parent=38783"}],"wp:term":[{"taxonomy":"category","embeddable":true,"href":"https:\/\/radiocresatelital.com\/index.php?rest_route=%2Fwp%2Fv2%2Fcategories&post=38783"},{"taxonomy":"post_tag","embeddable":true,"href":"https:\/\/radiocresatelital.com\/index.php?rest_route=%2Fwp%2Fv2%2Ftags&post=38783"}],"curies":[{"name":"wp","href":"https:\/\/api.w.org\/{rel}","templated":true}]}}