{"id":38771,"date":"2025-10-07T17:17:57","date_gmt":"2025-10-07T17:17:57","guid":{"rendered":"https:\/\/radiocresatelital.com\/?p=38771"},"modified":"2025-10-08T00:20:01","modified_gmt":"2025-10-08T00:20:01","slug":"didi-impulsa-una-guayaquil-mas-conectada-y-segura-durante-las-fiestas-del-9-de-octubre","status":"publish","type":"post","link":"https:\/\/radiocresatelital.com\/?p=38771","title":{"rendered":"DiDi impulsa una Guayaquil m\u00e1s conectada y segura durante las fiestas del 9 de octubre"},"content":{"rendered":"<p>Guayaquil.- La Perla del Pac\u00edfico, Guayaquil se prepara para vivir sus fiestas de Independencia con desfiles, ferias gastron\u00f3micas, conciertos, la tradicional elecci\u00f3n de la Reina y un gran show art\u00edstico en el malec\u00f3n.<\/p>\n<p>En este marco de celebraci\u00f3n, DiDi, la aplicaci\u00f3n tecnol\u00f3gica de soluciones con impacto en movilidad, se une a los festejos de la ciudad con iniciativas pensadas para facilitar una movilidad m\u00e1s eficiente, segura y accesible para todos los guayaquile\u00f1os y visitantes.<\/p>\n<p>Durante este feriado, DiDi activar\u00e1 promociones especiales de hasta 30% off en solicitudes de viajes usando DiDi Express y Pon Tu Precio en Guayaquil para que m\u00e1s personas puedan recorrer la ciudad y disfrutar de actividades como la Gran Feria de Guayaquil en el Parque Samanes (9 al 12 de octubre), las presentaciones musicales en distintos barrios, la feria de emprendimientos en el centro hist\u00f3rico o los recorridos gastron\u00f3micos que caracterizan a la ciudad en estas fechas.<\/p>\n<p>La aplicaci\u00f3n DiDi busca que nadie se pierda la oportunidad de compartir con familiares y amigos sin preocuparse por el tr\u00e1fico, el parqueo o la disponibilidad de transporte.<\/p>\n<p>\u201cGuayaquil nos ha recibido con los brazos abiertos y queremos ser parte activa de esta celebraci\u00f3n tan significativa. Por eso, incentivamos que los ciudadanos se movilicen de manera segura, eficiente y econ\u00f3mica, y que puedan disfrutar al m\u00e1ximo cada rinc\u00f3n de su ciudad\u201d, Douglas Quesada, Gerente de Comunicaciones para DiDi en Ecuador.<\/p>\n<p>Desde su llegada a Ecuador, la app DiDi ha sido un aliado en el desplazamiento de sus usuarios pasajeros a sus celebraciones favoritas. En estas fechas, la app invita a los guayaquile\u00f1os a disfrutar de celebraciones como la Gran Feria de Guayaquil, los festivales art\u00edsticos en el malec\u00f3n 2000, la agenda cultural en el Teatro Centro de Arte, y las actividades gastron\u00f3micas en el Puerto Santa Ana, todas ellas pensadas para exaltar la riqueza cultural y el esp\u00edritu festivo de la ciudad..<\/p>\n","protected":false},"excerpt":{"rendered":"<p>Guayaquil.- La Perla del Pac\u00edfico, Guayaquil se prepara para vivir sus fiestas de Independencia con desfiles, ferias gastron\u00f3micas, conciertos, la tradicional elecci\u00f3n de la Reina y un gran show art\u00edstico en el malec\u00f3n. En este marco de celebraci\u00f3n, DiDi, la aplicaci\u00f3n tecnol\u00f3gica de soluciones con impacto en movilidad, se une a los festejos de la [&hellip;]<\/p>\n","protected":false},"author":2,"featured_media":38772,"comment_status":"open","ping_status":"closed","sticky":false,"template":"","format":"standard","meta":{"_jetpack_memberships_contains_paid_content":false,"footnotes":""},"categories":[13],"tags":[6134,991],"class_list":["post-38771","post","type-post","status-publish","format-standard","has-post-thumbnail","hentry","category-noticias-nacionales","tag-didi","tag-independencia-de-guayaquil"],"jetpack_featured_media_url":"https:\/\/radiocresatelital.com\/wp-content\/uploads\/2025\/10\/WhatsApp-Image-2025-10-07-at-16.58.16.jpeg","jetpack_sharing_enabled":true,"_links":{"self":[{"href":"https:\/\/radiocresatelital.com\/index.php?rest_route=\/wp\/v2\/posts\/38771","targetHints":{"allow":["GET"]}}],"collection":[{"href":"https:\/\/radiocresatelital.com\/index.php?rest_route=\/wp\/v2\/posts"}],"about":[{"href":"https:\/\/radiocresatelital.com\/index.php?rest_route=\/wp\/v2\/types\/post"}],"author":[{"embeddable":true,"href":"https:\/\/radiocresatelital.com\/index.php?rest_route=\/wp\/v2\/users\/2"}],"replies":[{"embeddable":true,"href":"https:\/\/radiocresatelital.com\/index.php?rest_route=%2Fwp%2Fv2%2Fcomments&post=38771"}],"version-history":[{"count":1,"href":"https:\/\/radiocresatelital.com\/index.php?rest_route=\/wp\/v2\/posts\/38771\/revisions"}],"predecessor-version":[{"id":38773,"href":"https:\/\/radiocresatelital.com\/index.php?rest_route=\/wp\/v2\/posts\/38771\/revisions\/38773"}],"wp:featuredmedia":[{"embeddable":true,"href":"https:\/\/radiocresatelital.com\/index.php?rest_route=\/wp\/v2\/media\/38772"}],"wp:attachment":[{"href":"https:\/\/radiocresatelital.com\/index.php?rest_route=%2Fwp%2Fv2%2Fmedia&parent=38771"}],"wp:term":[{"taxonomy":"category","embeddable":true,"href":"https:\/\/radiocresatelital.com\/index.php?rest_route=%2Fwp%2Fv2%2Fcategories&post=38771"},{"taxonomy":"post_tag","embeddable":true,"href":"https:\/\/radiocresatelital.com\/index.php?rest_route=%2Fwp%2Fv2%2Ftags&post=38771"}],"curies":[{"name":"wp","href":"https:\/\/api.w.org\/{rel}","templated":true}]}}