{"id":38707,"date":"2025-10-07T18:01:16","date_gmt":"2025-10-07T18:01:16","guid":{"rendered":"https:\/\/radiocresatelital.com\/?p=38707"},"modified":"2025-10-07T19:03:23","modified_gmt":"2025-10-07T19:03:23","slug":"prefecta-marcela-aguinaga-da-inicio-a-los-trabajos-de-ampliacion-a-4-carriles-de-la-via-duran-jujan-a-la-altura-de-tres-postes","status":"publish","type":"post","link":"https:\/\/radiocresatelital.com\/?p=38707","title":{"rendered":"Prefecta Marcela Agui\u00f1aga da inicio a los trabajos de ampliaci\u00f3n a 4 carriles de la v\u00eda Dur\u00e1n-Jujan, a la altura de Tres Postes"},"content":{"rendered":"<p><span style=\"font-weight: 400;\">Guayaquil.- La prefecta del Guayas, Marcela Agui\u00f1aga, cumpli\u00f3 el anhelo de los ciudadanos del cant\u00f3n Jujan, al iniciar este mes los trabajos de la ampliaci\u00f3n a 4 carriles de la v\u00eda concesionada Dur\u00e1n-Jujan. Como parte de su agenda en territorio, viaj\u00f3 junto a su equipo hasta el recinto Tres Postes para verificar el inicio de labores y constatar que las maquinarias realicen las excavaciones. Esta obra solicitada hace 4 d\u00e9cadas, es de vital importancia por considerarse una zona donde transitan 20.000 veh\u00edculos por d\u00eda, sobre todo la carga pesada, y que posee altos \u00edndices de siniestralidad.\u00a0<\/span><\/p>\n<p><span style=\"font-weight: 400;\">\u201cEsta es una obra que tomar\u00e1, aproximadamente, 30 meses, que supera los $30 millones. S\u00ed, genera inconvenientes al principio, pero t\u00e9ngannos paciencia porque vamos a resolver problemas de 40 a\u00f1os\u2026 Esta obra trae progreso y desarrollo para la provincia porque aqu\u00ed entra toda la carga pesada que viene del resto del pa\u00eds\u201d, explic\u00f3 la prefecta Agui\u00f1aga en su visita.\u00a0<\/span><\/p>\n<p><span style=\"font-weight: 400;\">Esta v\u00eda, que se encuentra en r\u00e9gimen de concesi\u00f3n, conecta a los cantones Dur\u00e1n, Yaguachi, Milagro, Jujan, con otros puntos de la provincia y del pa\u00eds. De acuerdo al desarrollo socioecon\u00f3mico del sector y por las estad\u00edsticas de siniestros viales, se contempl\u00f3 ampliar la v\u00eda de 2 a 4 carriles en un tramo que va desde el km 35,7 hasta el 44,9. De esta manera se genera mayor movilidad y seguridad vial para los usuarios y centros poblados.<\/span><\/p>\n<p><span style=\"font-weight: 400;\">\u201cLe agradezco por todas las obras que est\u00e1 haciendo en los recintos, ella tiene una palabra de guayasense\u201d, se\u00f1al\u00f3 Mois\u00e9s Plaza, usuario de la v\u00eda, quien reconoce la importancia y necesidad de la ejecuci\u00f3n de la obra, gestionada bajo la administraci\u00f3n de la prefecta Marcela Agui\u00f1aga.<\/span><\/p>\n<p><span style=\"font-weight: 400;\">El proyecto vial incluye el reemplazo de alcantarillas para aguas lluvias y la ampliaci\u00f3n de los puentes Convento y \u00d1auza. Adem\u00e1s, se est\u00e1 proyectando una sobreelevaci\u00f3n de la rasante en el sector afectado por inundaciones.<\/span><\/p>\n","protected":false},"excerpt":{"rendered":"<p>Guayaquil.- La prefecta del Guayas, Marcela Agui\u00f1aga, cumpli\u00f3 el anhelo de los ciudadanos del cant\u00f3n Jujan, al iniciar este mes los trabajos de la ampliaci\u00f3n a 4 carriles de la v\u00eda concesionada Dur\u00e1n-Jujan. Como parte de su agenda en territorio, viaj\u00f3 junto a su equipo hasta el recinto Tres Postes para verificar el inicio de [&hellip;]<\/p>\n","protected":false},"author":2,"featured_media":38708,"comment_status":"open","ping_status":"closed","sticky":false,"template":"","format":"standard","meta":{"_jetpack_memberships_contains_paid_content":false,"footnotes":""},"categories":[13],"tags":[248,1406],"class_list":["post-38707","post","type-post","status-publish","format-standard","has-post-thumbnail","hentry","category-noticias-nacionales","tag-marcela-aguinaga","tag-prefecta-del-guayas"],"jetpack_featured_media_url":"https:\/\/radiocresatelital.com\/wp-content\/uploads\/2025\/10\/WhatsApp-Image-2025-10-07-at-13.46.32.jpeg","jetpack_sharing_enabled":true,"_links":{"self":[{"href":"https:\/\/radiocresatelital.com\/index.php?rest_route=\/wp\/v2\/posts\/38707","targetHints":{"allow":["GET"]}}],"collection":[{"href":"https:\/\/radiocresatelital.com\/index.php?rest_route=\/wp\/v2\/posts"}],"about":[{"href":"https:\/\/radiocresatelital.com\/index.php?rest_route=\/wp\/v2\/types\/post"}],"author":[{"embeddable":true,"href":"https:\/\/radiocresatelital.com\/index.php?rest_route=\/wp\/v2\/users\/2"}],"replies":[{"embeddable":true,"href":"https:\/\/radiocresatelital.com\/index.php?rest_route=%2Fwp%2Fv2%2Fcomments&post=38707"}],"version-history":[{"count":1,"href":"https:\/\/radiocresatelital.com\/index.php?rest_route=\/wp\/v2\/posts\/38707\/revisions"}],"predecessor-version":[{"id":38709,"href":"https:\/\/radiocresatelital.com\/index.php?rest_route=\/wp\/v2\/posts\/38707\/revisions\/38709"}],"wp:featuredmedia":[{"embeddable":true,"href":"https:\/\/radiocresatelital.com\/index.php?rest_route=\/wp\/v2\/media\/38708"}],"wp:attachment":[{"href":"https:\/\/radiocresatelital.com\/index.php?rest_route=%2Fwp%2Fv2%2Fmedia&parent=38707"}],"wp:term":[{"taxonomy":"category","embeddable":true,"href":"https:\/\/radiocresatelital.com\/index.php?rest_route=%2Fwp%2Fv2%2Fcategories&post=38707"},{"taxonomy":"post_tag","embeddable":true,"href":"https:\/\/radiocresatelital.com\/index.php?rest_route=%2Fwp%2Fv2%2Ftags&post=38707"}],"curies":[{"name":"wp","href":"https:\/\/api.w.org\/{rel}","templated":true}]}}