{"id":38683,"date":"2025-10-06T23:21:00","date_gmt":"2025-10-06T23:21:00","guid":{"rendered":"https:\/\/radiocresatelital.com\/?p=38683"},"modified":"2025-10-07T02:28:05","modified_gmt":"2025-10-07T02:28:05","slug":"utpl-reafirma-su-prestigio-academico-en-latinoamerica-y-el-caribe-segun-ranking-qs","status":"publish","type":"post","link":"https:\/\/radiocresatelital.com\/?p=38683","title":{"rendered":"UTPL reafirma su prestigio acad\u00e9mico en Latinoam\u00e9rica y el Caribe seg\u00fan ranking QS"},"content":{"rendered":"<p>Quito.- La Universidad T\u00e9cnica Particular de Loja (UTPL) se ubica en el rango 191-200 del QS Latin America Rankings 2026, el referente m\u00e1s influyente de evaluaci\u00f3n universitaria en la regi\u00f3n, que analiza indicadores clave de calidad acad\u00e9mica, impacto cient\u00edfico, reputaci\u00f3n y proyecci\u00f3n internacional. Entre las 492 instituciones de Am\u00e9rica Latina y el Caribe que participaron, incluidas 26 del Ecuador, la UTPL consolida su liderazgo en investigaci\u00f3n, innovaci\u00f3n y calidad educativa.<\/p>\n<p>Seg\u00fan Juan Manuel Garc\u00eda, director general de Evaluaci\u00f3n Institucional y Calidad de la UTPL, este reconocimiento refleja los esfuerzos permanentes de la universidad por fortalecer la investigaci\u00f3n cient\u00edfica, promover la formaci\u00f3n doctoral y consolidar convenios acad\u00e9micos internacionales.<\/p>\n<p>\u201cEstamos comprometidos en seguir elevando nuestros est\u00e1ndares acad\u00e9micos y cient\u00edficos. Cada proyecto de investigaci\u00f3n, publicaci\u00f3n y convenio internacional contribuyen al desarrollo del conocimiento y al fortalecimiento de la sociedad ecuatoriana\u201d, afirma Garc\u00eda.<\/p>\n<p>Entre los indicadores evaluados por QS se incluyen reputaci\u00f3n acad\u00e9mica, citaciones por art\u00edculo, publicaciones por facultad, internacionalizaci\u00f3n y proporci\u00f3n de personal con doctorado. La UTPL ha logrado avances significativos en su presencia digital, visibilidad de publicaciones cient\u00edficas y producci\u00f3n de art\u00edculos de alto impacto. Entre ellas destacan las facultades de ciencias administrativas, sociales, biol\u00f3gicas e ingenier\u00eda, as\u00ed como programas de posgrado en \u00e1reas estrat\u00e9gicas como agronegocios, ciencias ambientales, bioeconom\u00eda y gesti\u00f3n de recursos h\u00eddricos.<\/p>\n<p>Este posicionamiento refuerza el prestigio de la instituci\u00f3n y beneficia a estudiantes, docentes y egresados, al incrementar oportunidades acad\u00e9micas, de investigaci\u00f3n y empleabilidad. La UTPL proyecta ampliar la internacionalizaci\u00f3n, fortalecer infraestructura de investigaci\u00f3n y laboratorios, potenciar la investigaci\u00f3n aplicada y visibilizar a\u00fan m\u00e1s su producci\u00f3n cient\u00edfica en acceso abierto, con lo cual reafirma su compromiso con la calidad acad\u00e9mica y cient\u00edfica del Ecuador en el \u00e1mbito internacional.<\/p>\n","protected":false},"excerpt":{"rendered":"<p>Quito.- La Universidad T\u00e9cnica Particular de Loja (UTPL) se ubica en el rango 191-200 del QS Latin America Rankings 2026, el referente m\u00e1s influyente de evaluaci\u00f3n universitaria en la regi\u00f3n, que analiza indicadores clave de calidad acad\u00e9mica, impacto cient\u00edfico, reputaci\u00f3n y proyecci\u00f3n internacional. Entre las 492 instituciones de Am\u00e9rica Latina y el Caribe que participaron, [&hellip;]<\/p>\n","protected":false},"author":2,"featured_media":38684,"comment_status":"open","ping_status":"closed","sticky":false,"template":"","format":"standard","meta":{"_jetpack_memberships_contains_paid_content":false,"footnotes":""},"categories":[13],"tags":[4369],"class_list":["post-38683","post","type-post","status-publish","format-standard","has-post-thumbnail","hentry","category-noticias-nacionales","tag-universidad-tecnica-particular-de-loja"],"jetpack_featured_media_url":"https:\/\/radiocresatelital.com\/wp-content\/uploads\/2025\/10\/Investigacion-UTPL-en-ranking.png","jetpack_sharing_enabled":true,"_links":{"self":[{"href":"https:\/\/radiocresatelital.com\/index.php?rest_route=\/wp\/v2\/posts\/38683","targetHints":{"allow":["GET"]}}],"collection":[{"href":"https:\/\/radiocresatelital.com\/index.php?rest_route=\/wp\/v2\/posts"}],"about":[{"href":"https:\/\/radiocresatelital.com\/index.php?rest_route=\/wp\/v2\/types\/post"}],"author":[{"embeddable":true,"href":"https:\/\/radiocresatelital.com\/index.php?rest_route=\/wp\/v2\/users\/2"}],"replies":[{"embeddable":true,"href":"https:\/\/radiocresatelital.com\/index.php?rest_route=%2Fwp%2Fv2%2Fcomments&post=38683"}],"version-history":[{"count":1,"href":"https:\/\/radiocresatelital.com\/index.php?rest_route=\/wp\/v2\/posts\/38683\/revisions"}],"predecessor-version":[{"id":38685,"href":"https:\/\/radiocresatelital.com\/index.php?rest_route=\/wp\/v2\/posts\/38683\/revisions\/38685"}],"wp:featuredmedia":[{"embeddable":true,"href":"https:\/\/radiocresatelital.com\/index.php?rest_route=\/wp\/v2\/media\/38684"}],"wp:attachment":[{"href":"https:\/\/radiocresatelital.com\/index.php?rest_route=%2Fwp%2Fv2%2Fmedia&parent=38683"}],"wp:term":[{"taxonomy":"category","embeddable":true,"href":"https:\/\/radiocresatelital.com\/index.php?rest_route=%2Fwp%2Fv2%2Fcategories&post=38683"},{"taxonomy":"post_tag","embeddable":true,"href":"https:\/\/radiocresatelital.com\/index.php?rest_route=%2Fwp%2Fv2%2Ftags&post=38683"}],"curies":[{"name":"wp","href":"https:\/\/api.w.org\/{rel}","templated":true}]}}