{"id":38680,"date":"2025-10-06T17:16:52","date_gmt":"2025-10-06T17:16:52","guid":{"rendered":"https:\/\/radiocresatelital.com\/?p=38680"},"modified":"2025-10-07T02:19:13","modified_gmt":"2025-10-07T02:19:13","slug":"santillana-y-unir-potencian-el-liderazgo-de-1-300-rectores-de-colegios-mediante-un-programa-de-formacion-en-linea","status":"publish","type":"post","link":"https:\/\/radiocresatelital.com\/?p=38680","title":{"rendered":"Santillana y UNIR potencian el liderazgo de 1.300 rectores de colegios mediante un programa de formaci\u00f3n en l\u00ednea"},"content":{"rendered":"<p>Quito.- Santillana y la Universidad Internacional de La Rioja (UNIR) han firmado un acuerdo de colaboraci\u00f3n para impulsar la formaci\u00f3n de los l\u00edderes educativos de Am\u00e9rica Latina.<\/p>\n<p>En el marco de esta alianza, los rectores de colegios usuarios de Compartir, la soluci\u00f3n educativa integral de Santillana, podr\u00e1n acceder a una formaci\u00f3n exclusiva para fortalecer sus habilidades de liderazgo, gesti\u00f3n institucional y toma de decisiones estrat\u00e9gicas.<\/p>\n<p>En total, 1.300 rectores de colegios de Argentina, Centro Am\u00e9rica, Chile, Colombia, Ecuador, Per\u00fa, Uruguay y Rep\u00fablica Dominicana acceder\u00e1n de forma gratuita y online a la formaci\u00f3n gracias al convenio entre ambas entidades.<\/p>\n<p>Para Francisco Cuadrado, presidente ejecutivo de Santillana, \u201ceste acuerdo supone un paso m\u00e1s en nuestra apuesta por la educaci\u00f3n de Am\u00e9rica Latina. Cuando una escuela cuenta con un liderazgo s\u00f3lido, toda la comunidad educativa se ve beneficiada: los docentes se sienten apoyados, los estudiantes motivados y las familias, comprometidas. Por eso, desde Santillana, a trav\u00e9s de nuestros contenidos y servicios, trabajamos continuamente en formar y acompa\u00f1ar a los l\u00edderes educativos de toda la regi\u00f3n\u201d.<\/p>\n<p>Por su parte, Jos\u00e9 Mar\u00eda V\u00e1zquez Garc\u00eda-Pe\u00f1uela, rector de UNIR, se\u00f1al\u00f3 que \u00abel liderazgo exige no solo competencias t\u00e9cnicas, sino tambi\u00e9n h\u00e1bitos personales positivos y habilidades estrat\u00e9gicas, muy especialmente en el \u00e1mbito educativo\u201d. En este sentido, record\u00f3 que \u201cla formaci\u00f3n en \u00e1reas como el trabajo en equipo, la negociaci\u00f3n estrat\u00e9gica o la din\u00e1mica de grupos resulta de gran ayuda para quienes ejercen como directores escolares\u201d.<\/p>\n<p>El lanzamiento oficial del curso se llev\u00f3 a cabo durante un acto institucional celebrado en la sede de UNIR, en el que participaron Miguel Garc\u00eda de Antelo, director general de Negocio Privado de Santillana; y Antonio Arag\u00f3n, director Corporativo Internacional de Desarrollo Institucional de UNIR.<\/p>\n<p>Miguel Garc\u00eda de Antelo explic\u00f3 que esta alianza \u201cse enmarca en el compromiso de Santillana de fortalecer y apoyar el liderazgo educativo, uno de los cuatro ejes de transformaci\u00f3n de nuestro sistema educativo Compartir. Queremos seguir siendo el aliado estrat\u00e9gico de las escuelas de<\/p>\n<p>Am\u00e9rica Latina, ofreciendo recursos de valor que permitan a los rectores crecer profesionalmente y, al mismo tiempo, impactar positivamente en sus instituciones\u201d.<\/p>\n<p>Para Antonio Arag\u00f3n, \u201cel mundo est\u00e1 cambiando r\u00e1pidamente, y el sector educativo tiene que adaptarse a los retos y demandas de las nuevas generaciones. Es precisamente en este contexto, donde nace esta iniciativa para facilitar a directivos y profesionales de la educaci\u00f3n el acceso a una formaci\u00f3n actualizada y de alta calidad\u201d.<\/p>\n<p><strong>Formaci\u00f3n certificada<\/strong><\/p>\n<p>Con una duraci\u00f3n total de 75 horas, el Curso en Trabajo en Equipo, Din\u00e1mica de Grupos y Negociaci\u00f3n Estrat\u00e9gica tendr\u00e1 inicialmente dos convocatorias: una en noviembre de 2025 y otra en febrero de 2026. Los rectores de colegios Compartir podr\u00e1n realizarlo en formato online, previa inscripci\u00f3n.<\/p>\n<p>Una vez completado, UNIR expedir\u00e1 un certificado de participaci\u00f3n. Los usuarios interesados en continuar con su formaci\u00f3n podr\u00e1n utilizar este documento oficial para convalidar los cr\u00e9ditos en la maestr\u00eda de \u2018Liderazgo y Direcci\u00f3n de centros educativos\u2019 de UNIR.<\/p>\n","protected":false},"excerpt":{"rendered":"<p>Quito.- Santillana y la Universidad Internacional de La Rioja (UNIR) han firmado un acuerdo de colaboraci\u00f3n para impulsar la formaci\u00f3n de los l\u00edderes educativos de Am\u00e9rica Latina. En el marco de esta alianza, los rectores de colegios usuarios de Compartir, la soluci\u00f3n educativa integral de Santillana, podr\u00e1n acceder a una formaci\u00f3n exclusiva para fortalecer sus [&hellip;]<\/p>\n","protected":false},"author":2,"featured_media":38681,"comment_status":"open","ping_status":"closed","sticky":false,"template":"","format":"standard","meta":{"_jetpack_memberships_contains_paid_content":false,"footnotes":""},"categories":[13],"tags":[5859,698],"class_list":["post-38680","post","type-post","status-publish","format-standard","has-post-thumbnail","hentry","category-noticias-nacionales","tag-santillana","tag-universidad-internacional-de-la-rioja"],"jetpack_featured_media_url":"https:\/\/radiocresatelital.com\/wp-content\/uploads\/2025\/10\/Externa-convenio-I-scaled.jpg","jetpack_sharing_enabled":true,"_links":{"self":[{"href":"https:\/\/radiocresatelital.com\/index.php?rest_route=\/wp\/v2\/posts\/38680","targetHints":{"allow":["GET"]}}],"collection":[{"href":"https:\/\/radiocresatelital.com\/index.php?rest_route=\/wp\/v2\/posts"}],"about":[{"href":"https:\/\/radiocresatelital.com\/index.php?rest_route=\/wp\/v2\/types\/post"}],"author":[{"embeddable":true,"href":"https:\/\/radiocresatelital.com\/index.php?rest_route=\/wp\/v2\/users\/2"}],"replies":[{"embeddable":true,"href":"https:\/\/radiocresatelital.com\/index.php?rest_route=%2Fwp%2Fv2%2Fcomments&post=38680"}],"version-history":[{"count":1,"href":"https:\/\/radiocresatelital.com\/index.php?rest_route=\/wp\/v2\/posts\/38680\/revisions"}],"predecessor-version":[{"id":38682,"href":"https:\/\/radiocresatelital.com\/index.php?rest_route=\/wp\/v2\/posts\/38680\/revisions\/38682"}],"wp:featuredmedia":[{"embeddable":true,"href":"https:\/\/radiocresatelital.com\/index.php?rest_route=\/wp\/v2\/media\/38681"}],"wp:attachment":[{"href":"https:\/\/radiocresatelital.com\/index.php?rest_route=%2Fwp%2Fv2%2Fmedia&parent=38680"}],"wp:term":[{"taxonomy":"category","embeddable":true,"href":"https:\/\/radiocresatelital.com\/index.php?rest_route=%2Fwp%2Fv2%2Fcategories&post=38680"},{"taxonomy":"post_tag","embeddable":true,"href":"https:\/\/radiocresatelital.com\/index.php?rest_route=%2Fwp%2Fv2%2Ftags&post=38680"}],"curies":[{"name":"wp","href":"https:\/\/api.w.org\/{rel}","templated":true}]}}