{"id":38677,"date":"2025-10-06T17:04:59","date_gmt":"2025-10-06T17:04:59","guid":{"rendered":"https:\/\/radiocresatelital.com\/?p=38677"},"modified":"2025-10-07T02:08:22","modified_gmt":"2025-10-07T02:08:22","slug":"cafe-que-cruza-fronteras-analisis-de-la-expansion-internacional-del-cafe-ecuatoriano","status":"publish","type":"post","link":"https:\/\/radiocresatelital.com\/?p=38677","title":{"rendered":"Caf\u00e9 que cruza fronteras: An\u00e1lisis de la expansi\u00f3n internacional del caf\u00e9 ecuatoriano"},"content":{"rendered":"<p>Quito.- En las \u00faltimas d\u00e9cadas, el caf\u00e9 ecuatoriano ha fortalecido su protagonismo en mercados globales, destac\u00e1ndose por su calidad, altitud y perfil sensorial \u00fanico. Para trazar con precisi\u00f3n su huella internacional, Grupo Entregas informa sobre los resultados alcanzados hasta el cierre del 2024: 1.979 toneladas exportadas, un crecimiento interanual de 16,9 %, y un valor total en exportaciones de 18 millones USD para ese a\u00f1o.<\/p>\n<p>Mar\u00eda Paulina Romo, presidenta de Grupo Entregas, enfatiza la importancia de esta labor log\u00edstica que impulsa al caf\u00e9 nacional hacia el mundo: \u201cEstamos comprometidos con superar fronteras y llevar lo mejor del caf\u00e9 ecuatoriano a cada rinc\u00f3n del planeta\u201d, destacando el rol estrat\u00e9gico de la empresa como puente entre productor y consumidor global.<\/p>\n<p><strong>Panorama actualizado del caf\u00e9 ecuatoriano: <\/strong><\/p>\n<p>\u25cf\u00a0\u00a0\u00a0\u00a0\u00a0\u00a0\u00a0 En 2023, Ecuador export\u00f3 608.374 sacos de caf\u00e9, lo que equivale aproximadamente a 122 millones de d\u00f3lares en valor. Esto representa un aumento del 13 % en volumen y del 8 % en valor respecto al a\u00f1o anterior. Seg\u00fan informes de la Asociaci\u00f3n Nacional del Caf\u00e9 del Ecuador (Anecaf\u00e9).<\/p>\n<ul>\n<li>En las cifras de la Asociaci\u00f3n del Caf\u00e9 de Ecuador, tambi\u00e9n se destaca que en los primeros once meses de 2023, las exportaciones de caf\u00e9 industrializado (como el caf\u00e9 liofilizado) alcanzaron 663 sacos, generando 113,86 millones USD, un incremento del 12,05 % interanual.<\/li>\n<li>Para poner en perspectiva la evoluci\u00f3n: hace una d\u00e9cada, en 2013, Ecuador exportaba alrededor de 1,3 millones de sacos, equivalentes a 218 millones USD, cifra que hoy se ha reducido significativamente.<\/li>\n<li>Seg\u00fan la base de datos del comercio internacional COMTRADE, en 2022 las exportaciones de caf\u00e9, t\u00e9, mate y especias sumaron aproximadamente 40,12 millones USD.<\/li>\n<li>Datos del Banco Central de Ecuador indican que en febrero de 2025, el rubro \u201cCaf\u00e9, t\u00e9, mate y especias\u201d registr\u00f3 exportaciones por 1\u2019722.534 miles USD, es decir, cerca de 1,72 mil millones USD en ese mes. Se observa una tendencia a la alza en comparaci\u00f3n con enero de 2025, que alcanz\u00f3 1 &#8216;642.375 miles USD.<\/li>\n<li>En volumen, el monto exportado de caf\u00e9, t\u00e9, mate y especias en febrero de 2025 fue de 085 kg, superior a los 186.643 kg registrados en enero de 2025; para noviembre y diciembre de 2024, se reportaron entre 280.726 kg y 397.804 kg, respectivamente.<\/li>\n<\/ul>\n<p><strong>\u00bfCu\u00e1l es el impacto de estas cifras?<\/strong><\/p>\n<ul>\n<li>Recuperaci\u00f3n parcial, pero por debajo de niveles hist\u00f3ricos: Aunque hay se\u00f1ales de crecimiento en los \u00faltimos a\u00f1os, el sector a\u00fan opera por debajo de los vol\u00famenes alcanzados hace una d\u00e9cada.<\/li>\n<li>Diversificaci\u00f3n productiva: La creciente exportaci\u00f3n de caf\u00e9 industrializado, especialmente el soluble o liofilizado, marca un cambio estrat\u00e9gico \u2014una parte importante del caf\u00e9 exportado es procesado en Ecuador a partir de granos importados, lo que a\u00f1ade valor localmente.<\/li>\n<li>Oportunidades y desaf\u00edos: El potencial de elevar la producci\u00f3n nacional, adoptar t\u00e9cnicas m\u00e1s sostenibles y fortalecer la marca \u2018Caf\u00e9 de Ecuador\u2019 en el exterior sigue siendo enorme.<\/li>\n<\/ul>\n<p>No olvidemos que en octubre se celebra el D\u00eda Mundial del Caf\u00e9, una ocasi\u00f3n ideal para resaltar la relevancia de este grano estrella en la identidad econ\u00f3mica, cultural y social del pa\u00eds. Es el momento perfecto para promover la calidad del caf\u00e9 exportado y destacar iniciativas como \u201cLog\u00edstica con Prop\u00f3sito\u201d, que busca consolidar la sostenibilidad en cada paso de la cadena.<\/p>\n","protected":false},"excerpt":{"rendered":"<p>Quito.- En las \u00faltimas d\u00e9cadas, el caf\u00e9 ecuatoriano ha fortalecido su protagonismo en mercados globales, destac\u00e1ndose por su calidad, altitud y perfil sensorial \u00fanico. Para trazar con precisi\u00f3n su huella internacional, Grupo Entregas informa sobre los resultados alcanzados hasta el cierre del 2024: 1.979 toneladas exportadas, un crecimiento interanual de 16,9 %, y un valor [&hellip;]<\/p>\n","protected":false},"author":2,"featured_media":38678,"comment_status":"open","ping_status":"closed","sticky":false,"template":"","format":"standard","meta":{"_jetpack_memberships_contains_paid_content":false,"footnotes":""},"categories":[13],"tags":[2189],"class_list":["post-38677","post","type-post","status-publish","format-standard","has-post-thumbnail","hentry","category-noticias-nacionales","tag-grupo-entregas"],"jetpack_featured_media_url":"https:\/\/radiocresatelital.com\/wp-content\/uploads\/2025\/10\/CAFE-COSECHA-scaled.jpg","jetpack_sharing_enabled":true,"_links":{"self":[{"href":"https:\/\/radiocresatelital.com\/index.php?rest_route=\/wp\/v2\/posts\/38677","targetHints":{"allow":["GET"]}}],"collection":[{"href":"https:\/\/radiocresatelital.com\/index.php?rest_route=\/wp\/v2\/posts"}],"about":[{"href":"https:\/\/radiocresatelital.com\/index.php?rest_route=\/wp\/v2\/types\/post"}],"author":[{"embeddable":true,"href":"https:\/\/radiocresatelital.com\/index.php?rest_route=\/wp\/v2\/users\/2"}],"replies":[{"embeddable":true,"href":"https:\/\/radiocresatelital.com\/index.php?rest_route=%2Fwp%2Fv2%2Fcomments&post=38677"}],"version-history":[{"count":1,"href":"https:\/\/radiocresatelital.com\/index.php?rest_route=\/wp\/v2\/posts\/38677\/revisions"}],"predecessor-version":[{"id":38679,"href":"https:\/\/radiocresatelital.com\/index.php?rest_route=\/wp\/v2\/posts\/38677\/revisions\/38679"}],"wp:featuredmedia":[{"embeddable":true,"href":"https:\/\/radiocresatelital.com\/index.php?rest_route=\/wp\/v2\/media\/38678"}],"wp:attachment":[{"href":"https:\/\/radiocresatelital.com\/index.php?rest_route=%2Fwp%2Fv2%2Fmedia&parent=38677"}],"wp:term":[{"taxonomy":"category","embeddable":true,"href":"https:\/\/radiocresatelital.com\/index.php?rest_route=%2Fwp%2Fv2%2Fcategories&post=38677"},{"taxonomy":"post_tag","embeddable":true,"href":"https:\/\/radiocresatelital.com\/index.php?rest_route=%2Fwp%2Fv2%2Ftags&post=38677"}],"curies":[{"name":"wp","href":"https:\/\/api.w.org\/{rel}","templated":true}]}}