{"id":38668,"date":"2025-10-07T01:42:55","date_gmt":"2025-10-07T01:42:55","guid":{"rendered":"https:\/\/radiocresatelital.com\/?p=38668"},"modified":"2025-10-07T01:43:07","modified_gmt":"2025-10-07T01:43:07","slug":"municipio-impulsa-entrega-de-472-protesis-auditivas-para-fortalecer-la-inclusion","status":"publish","type":"post","link":"https:\/\/radiocresatelital.com\/?p=38668","title":{"rendered":"Municipio impulsa entrega de 472 pr\u00f3tesis auditivas para fortalecer la inclusi\u00f3n"},"content":{"rendered":"<p>Guayaquil.- El sonido volver\u00e1 a ser parte del d\u00eda a d\u00eda de 280 personas con discapacidad auditiva gracias a la entrega de 472 pr\u00f3tesis que impulsa la Direcci\u00f3n de Inclusi\u00f3n Social (DIS) del Municipio de Guayaquil, en la segunda fase de su programa de ayudas t\u00e9cnicas.<\/p>\n<p>Wilmer Jaramillo, un joven de 18 a\u00f1os que vive en la cooperativa Ciudad de Dios, asisti\u00f3 al Centro Municipal, ubicado en la intersecci\u00f3n de las calles G\u00f3mez Rend\u00f3n, entre Noguchi y Rumichaca, para realizarse el examen de audiometr\u00eda en Salud Auditiva Gye.<\/p>\n<p>\u00c9l es uno de los beneficiarios que, tras un a\u00f1o de haber sido registrado durante el censo de personas con discapacidad, recibir\u00e1 su dispositivo auditivo.<\/p>\n<p>\u201cHace un a\u00f1o pasaron por la casa haciendo un censo para personas discapacitadas y registr\u00e9 a mi sobrino. Actualmente, tiene el 53 % de discapacidad auditiva y no contaba con aud\u00edfonos. No ten\u00edamos los recursos y esta oportunidad es beneficiosa\u201d, expres\u00f3 Mayra Jaramillo, t\u00eda del joven.<\/p>\n<p>El proceso de evaluaci\u00f3n, que se extender\u00e1 hasta el 14 de octubre, permitir\u00e1 determinar el grado de p\u00e9rdida auditiva y calibrar cada pr\u00f3tesis seg\u00fan la necesidad del usuario.<\/p>\n<p>Para acceder, los beneficiarios deben presentar copia de c\u00e9dula, planilla de servicio b\u00e1sico y una audiometr\u00eda reciente.<\/p>\n<p>\u201cEste examen de audiometr\u00eda trata de identificar si realmente existe discapacidad auditiva. Hay personas que vienen al proceso y detectamos que tienen obstrucci\u00f3n de cerumen; en esos casos, solo necesitan una limpieza de o\u00eddo\u201d, explic\u00f3 Felipe Arrobo, jefe departamental de Ayudas T\u00e9cnicas de la Direcci\u00f3n de Inclusi\u00f3n Social.<\/p>\n<p>El tap\u00f3n de cerumen es una de las causas m\u00e1s comunes de p\u00e9rdida de audici\u00f3n, por eso se realiza una observaci\u00f3n t\u00e9cnica previa antes de la evaluaci\u00f3n final.<\/p>\n<p>Los beneficiarios provienen de sectores como Guasmo, Monte Sina\u00ed, Fertisa, El Fort\u00edn y Basti\u00f3n Popular. La entrega de los dispositivos se realizar\u00e1 en la segunda quincena de noviembre y marcar\u00e1 un cambio profundo en la vida de quienes vuelven a escuchar el mundo.<\/p>\n","protected":false},"excerpt":{"rendered":"<p>Guayaquil.- El sonido volver\u00e1 a ser parte del d\u00eda a d\u00eda de 280 personas con discapacidad auditiva gracias a la entrega de 472 pr\u00f3tesis que impulsa la Direcci\u00f3n de Inclusi\u00f3n Social (DIS) del Municipio de Guayaquil, en la segunda fase de su programa de ayudas t\u00e9cnicas. Wilmer Jaramillo, un joven de 18 a\u00f1os que vive [&hellip;]<\/p>\n","protected":false},"author":2,"featured_media":38669,"comment_status":"open","ping_status":"closed","sticky":false,"template":"","format":"standard","meta":{"_jetpack_memberships_contains_paid_content":false,"footnotes":""},"categories":[33,13],"tags":[4516,114],"class_list":["post-38668","post","type-post","status-publish","format-standard","has-post-thumbnail","hentry","category-guayaquil","category-noticias-nacionales","tag-direccion-de-inclusion-social","tag-municipio-de-guayaquil"],"jetpack_featured_media_url":"https:\/\/radiocresatelital.com\/wp-content\/uploads\/2025\/10\/IMG_5072-scaled.jpg","jetpack_sharing_enabled":true,"_links":{"self":[{"href":"https:\/\/radiocresatelital.com\/index.php?rest_route=\/wp\/v2\/posts\/38668","targetHints":{"allow":["GET"]}}],"collection":[{"href":"https:\/\/radiocresatelital.com\/index.php?rest_route=\/wp\/v2\/posts"}],"about":[{"href":"https:\/\/radiocresatelital.com\/index.php?rest_route=\/wp\/v2\/types\/post"}],"author":[{"embeddable":true,"href":"https:\/\/radiocresatelital.com\/index.php?rest_route=\/wp\/v2\/users\/2"}],"replies":[{"embeddable":true,"href":"https:\/\/radiocresatelital.com\/index.php?rest_route=%2Fwp%2Fv2%2Fcomments&post=38668"}],"version-history":[{"count":1,"href":"https:\/\/radiocresatelital.com\/index.php?rest_route=\/wp\/v2\/posts\/38668\/revisions"}],"predecessor-version":[{"id":38670,"href":"https:\/\/radiocresatelital.com\/index.php?rest_route=\/wp\/v2\/posts\/38668\/revisions\/38670"}],"wp:featuredmedia":[{"embeddable":true,"href":"https:\/\/radiocresatelital.com\/index.php?rest_route=\/wp\/v2\/media\/38669"}],"wp:attachment":[{"href":"https:\/\/radiocresatelital.com\/index.php?rest_route=%2Fwp%2Fv2%2Fmedia&parent=38668"}],"wp:term":[{"taxonomy":"category","embeddable":true,"href":"https:\/\/radiocresatelital.com\/index.php?rest_route=%2Fwp%2Fv2%2Fcategories&post=38668"},{"taxonomy":"post_tag","embeddable":true,"href":"https:\/\/radiocresatelital.com\/index.php?rest_route=%2Fwp%2Fv2%2Ftags&post=38668"}],"curies":[{"name":"wp","href":"https:\/\/api.w.org\/{rel}","templated":true}]}}