{"id":38665,"date":"2025-10-07T01:37:14","date_gmt":"2025-10-07T01:37:14","guid":{"rendered":"https:\/\/radiocresatelital.com\/?p=38665"},"modified":"2025-10-07T01:37:14","modified_gmt":"2025-10-07T01:37:14","slug":"gobierno-nacional-celebra-la-independencia-de-guayaquil-con-mas-oportunidades-digitales-para-sus-ciudadanos","status":"publish","type":"post","link":"https:\/\/radiocresatelital.com\/?p=38665","title":{"rendered":"Gobierno Nacional celebra la Independencia de Guayaquil con m\u00e1s oportunidades digitales para sus ciudadanos"},"content":{"rendered":"<p>Quito.- En el marco de la conmemoraci\u00f3n de los 205 a\u00f1os de independencia de la Perla del Pac\u00edfico, el Gobierno Nacional, a trav\u00e9s del Ministerio de Telecomunicaciones y de la Sociedad de la Informaci\u00f3n (MINTEL), reafirma su compromiso con el desarrollo de Guayaquil y su gente, fortaleciendo el acceso a la tecnolog\u00eda y la inclusi\u00f3n digital con los Puntos Digitales Gratuitos (PDG).<\/p>\n<p>En el Gobierno de El Nuevo Ecuador, el MINTEL implement\u00f3 en Guayaquil dos nuevos Puntos Digitales Gratuitos en las parroquias urbanas Ximena y Nueve de Octubre, con una inversi\u00f3n que bordea los 40 mil d\u00f3lares. Con estos espacios, la ciudad cuenta con 15 Puntos Digitales Gratuitos, beneficiando directamente a m\u00e1s de 614 mil habitantes, que han realizado 156.158 visitas y participado en 8.229 capacitaciones.<\/p>\n<p>Los PDG se han convertido en lugares donde los ciudadanos acceden a internet y herramientas tecnol\u00f3gicas; as\u00ed como a nuevas oportunidades para aprender, emprender y transformar sus vidas.<\/p>\n<p>Una de esas historias es la de Emily Ermenegildo Reyes, joven guayaquile\u00f1a, de 31 a\u00f1os, quien asiste al Punto Digital Gratuito Espacio Integral Familiar Nueve de Octubre. Emily busc\u00f3 apoyo para mejorar la imagen de su emprendimiento de comercializaci\u00f3n de productos comestibles y, gracias a las capacitaciones que se ofrecen en l\u00ednea, aprendi\u00f3 sobre marketing digital, redes sociales y empoderamiento personal.<\/p>\n<p>\u201cCon la ayuda del Punto Digital Gratuito sub\u00ed todo mi emprendimiento a la era digital. Aprend\u00ed a manejar mis redes, a creer en mi marca y en mis sue\u00f1os. Estoy muy agradecida porque el apoyo fue completo y sin costo\u201d.<\/p>\n<p>El Gobierno de El Nuevo Ecuador, a trav\u00e9s del MINTEL, contin\u00faa impulsando proyectos que transforman la vida de los ciudadanos, reduciendo la brecha digital y acercando las oportunidades tecnol\u00f3gicas a todos los rincones del pa\u00eds.<\/p>\n<p>En este 9 de Octubre, Guayaquil celebra su independencia y su libertad digital, gracias a pol\u00edticas p\u00fablicas que promueven el conocimiento, la innovaci\u00f3n y el progreso. Porque donde hay un Punto Digital Gratuito, hay futuro, esperanza y desarrollo para todos los ecuatorianos.<\/p>\n","protected":false},"excerpt":{"rendered":"<p>Quito.- En el marco de la conmemoraci\u00f3n de los 205 a\u00f1os de independencia de la Perla del Pac\u00edfico, el Gobierno Nacional, a trav\u00e9s del Ministerio de Telecomunicaciones y de la Sociedad de la Informaci\u00f3n (MINTEL), reafirma su compromiso con el desarrollo de Guayaquil y su gente, fortaleciendo el acceso a la tecnolog\u00eda y la inclusi\u00f3n [&hellip;]<\/p>\n","protected":false},"author":2,"featured_media":38666,"comment_status":"open","ping_status":"closed","sticky":false,"template":"","format":"standard","meta":{"_jetpack_memberships_contains_paid_content":false,"footnotes":""},"categories":[13],"tags":[157,6119,6120],"class_list":["post-38665","post","type-post","status-publish","format-standard","has-post-thumbnail","hentry","category-noticias-nacionales","tag-gobierno-nacional","tag-independencia-de-la-perla-del-pacifico","tag-ministerio-de-telecomunicaciones-y-de-la-sociedad-de-la-informacion"],"jetpack_featured_media_url":"https:\/\/radiocresatelital.com\/wp-content\/uploads\/2025\/10\/WhatsApp-Image-2025-10-06-at-19.41.35.jpeg","jetpack_sharing_enabled":true,"_links":{"self":[{"href":"https:\/\/radiocresatelital.com\/index.php?rest_route=\/wp\/v2\/posts\/38665","targetHints":{"allow":["GET"]}}],"collection":[{"href":"https:\/\/radiocresatelital.com\/index.php?rest_route=\/wp\/v2\/posts"}],"about":[{"href":"https:\/\/radiocresatelital.com\/index.php?rest_route=\/wp\/v2\/types\/post"}],"author":[{"embeddable":true,"href":"https:\/\/radiocresatelital.com\/index.php?rest_route=\/wp\/v2\/users\/2"}],"replies":[{"embeddable":true,"href":"https:\/\/radiocresatelital.com\/index.php?rest_route=%2Fwp%2Fv2%2Fcomments&post=38665"}],"version-history":[{"count":1,"href":"https:\/\/radiocresatelital.com\/index.php?rest_route=\/wp\/v2\/posts\/38665\/revisions"}],"predecessor-version":[{"id":38667,"href":"https:\/\/radiocresatelital.com\/index.php?rest_route=\/wp\/v2\/posts\/38665\/revisions\/38667"}],"wp:featuredmedia":[{"embeddable":true,"href":"https:\/\/radiocresatelital.com\/index.php?rest_route=\/wp\/v2\/media\/38666"}],"wp:attachment":[{"href":"https:\/\/radiocresatelital.com\/index.php?rest_route=%2Fwp%2Fv2%2Fmedia&parent=38665"}],"wp:term":[{"taxonomy":"category","embeddable":true,"href":"https:\/\/radiocresatelital.com\/index.php?rest_route=%2Fwp%2Fv2%2Fcategories&post=38665"},{"taxonomy":"post_tag","embeddable":true,"href":"https:\/\/radiocresatelital.com\/index.php?rest_route=%2Fwp%2Fv2%2Ftags&post=38665"}],"curies":[{"name":"wp","href":"https:\/\/api.w.org\/{rel}","templated":true}]}}