{"id":38612,"date":"2025-10-06T17:30:39","date_gmt":"2025-10-06T17:30:39","guid":{"rendered":"https:\/\/radiocresatelital.com\/?p=38612"},"modified":"2025-10-06T20:33:19","modified_gmt":"2025-10-06T20:33:19","slug":"tonicorp-y-la-asociacion-nacional-de-nutricionistas-del-ecuador-firman-alianza-para-impulsar-iniciativas-sostenibles-en-nutricion","status":"publish","type":"post","link":"https:\/\/radiocresatelital.com\/?p=38612","title":{"rendered":"Tonicorp y la Asociaci\u00f3n Nacional de Nutricionistas del Ecuador firman alianza para impulsar iniciativas sostenibles en nutrici\u00f3n"},"content":{"rendered":"<p>Guayaquil.- \u00a0\u00a0Tonicorp, empresa con 47 a\u00f1os de trayectoria, firm\u00f3 un acuerdo de cooperaci\u00f3n interinstitucional con la Asociaci\u00f3n Nacional de Nutricionistas del Ecuador (ANNE), con el prop\u00f3sito de desarrollar e impulsar iniciativas sostenibles que fortalezcan la nutrici\u00f3n y el bienestar comunitario en el pa\u00eds.<\/p>\n<p>Este convenio se enmarca en la estrategia de sostenibilidad de Arca Continental, que impulsa un modelo de negocio sostenible orientado a generar valor compartido, colocando al ser humano y al ambiente en el centro de sus acciones. Bajo esta visi\u00f3n, promueve proyectos que contribuyen al bienestar social, fortalecen la cadena de valor y aportan a la construcci\u00f3n de un futuro m\u00e1s responsable.<\/p>\n<p>En coherencia con este modelo, Tonicorp compa\u00f1\u00eda que forma parte de Arca Continental en Ecuador impulsa alianzas multisectoriales que fortalecen su compromiso con la nutrici\u00f3n y la innovaci\u00f3n, contribuyendo a un impacto positivo en las comunidades del pa\u00eds.<\/p>\n<p>La alianza con ANNE busca consolidar la articulaci\u00f3n entre la empresa, el gremio de nutricionistas y la academia, con el fin de generar y difundir conocimiento cient\u00edfico, promover la actualizaci\u00f3n permanente de los profesionales de la nutrici\u00f3n y acercar la innovaci\u00f3n alimentaria al \u00e1mbito acad\u00e9mico y comunitario. De esta manera, se suman capacidades para impulsar una mejor nutrici\u00f3n en el pa\u00eds, basada en evidencia y con impacto directo en el bienestar de las familias ecuatorianas.<\/p>\n<p>\u201cEn Tonicorp, trabajamos con la convicci\u00f3n de que la sostenibilidad se construye en conjunto. Por eso, impulsamos alianzas estrat\u00e9gicas con actores p\u00fablicos, privados y comunitarios que nos permiten generar impacto positivo en nuestro entorno, contribuyendo al desarrollo de un Ecuador m\u00e1s pr\u00f3spero y sostenible\u201d, se\u00f1al\u00f3 Alfredo Rodr\u00edguez, Director de Marketing y Estrategia Comercial, quien estuvo presente durante la firma.<\/p>\n<p>Por su parte, Vladimir Maffare, Presidente de la Asociaci\u00f3n Nacional de Nutricionistas del Ecuador, destac\u00f3: \u201cEstamos convencidos de que la nutrici\u00f3n es la base del desarrollo sostenible. Esta alianza nos permitir\u00e1 sumar esfuerzos con profesionales de la salud y con la academia para seguir innovando y contribuyendo al bienestar de las familias ecuatorianas\u201d.<\/p>\n<p>Como parte del evento de firma, se desarroll\u00f3 el conversatorio \u201cMicrobiota intestinal, probi\u00f3ticos y su impacto en la salud digestiva y metab\u00f3lica\u201d, con la participaci\u00f3n de representantes de ANNE y de la Universidad Cat\u00f3lica de Santiago de Guayaquil (UCSG). Este espacio permiti\u00f3 profundizar en la ciencia detr\u00e1s de la alimentaci\u00f3n y el papel de los probi\u00f3ticos en la salud humana, consolidando la colaboraci\u00f3n entre el sector acad\u00e9mico, gremial y empresarial.<\/p>\n<p>Con esta alianza, la empresa reafirma su compromiso con la nutrici\u00f3n y la innovaci\u00f3n, fortaleciendo su portafolio con productos de alto valor agregado que responden a las necesidades actuales de las familias ecuatorianas y aportan al desarrollo sostenible del pa\u00eds.<\/p>\n","protected":false},"excerpt":{"rendered":"<p>Guayaquil.- \u00a0\u00a0Tonicorp, empresa con 47 a\u00f1os de trayectoria, firm\u00f3 un acuerdo de cooperaci\u00f3n interinstitucional con la Asociaci\u00f3n Nacional de Nutricionistas del Ecuador (ANNE), con el prop\u00f3sito de desarrollar e impulsar iniciativas sostenibles que fortalezcan la nutrici\u00f3n y el bienestar comunitario en el pa\u00eds. Este convenio se enmarca en la estrategia de sostenibilidad de Arca Continental, [&hellip;]<\/p>\n","protected":false},"author":2,"featured_media":38613,"comment_status":"open","ping_status":"closed","sticky":false,"template":"","format":"standard","meta":{"_jetpack_memberships_contains_paid_content":false,"footnotes":""},"categories":[13],"tags":[6107,4057],"class_list":["post-38612","post","type-post","status-publish","format-standard","has-post-thumbnail","hentry","category-noticias-nacionales","tag-asociacion-nacional-de-nutricionistas-del-ecuador","tag-tonicorp"],"jetpack_featured_media_url":"https:\/\/radiocresatelital.com\/wp-content\/uploads\/2025\/10\/WhatsApp-Image-2025-10-02-at-11.53.49.jpeg","jetpack_sharing_enabled":true,"_links":{"self":[{"href":"https:\/\/radiocresatelital.com\/index.php?rest_route=\/wp\/v2\/posts\/38612","targetHints":{"allow":["GET"]}}],"collection":[{"href":"https:\/\/radiocresatelital.com\/index.php?rest_route=\/wp\/v2\/posts"}],"about":[{"href":"https:\/\/radiocresatelital.com\/index.php?rest_route=\/wp\/v2\/types\/post"}],"author":[{"embeddable":true,"href":"https:\/\/radiocresatelital.com\/index.php?rest_route=\/wp\/v2\/users\/2"}],"replies":[{"embeddable":true,"href":"https:\/\/radiocresatelital.com\/index.php?rest_route=%2Fwp%2Fv2%2Fcomments&post=38612"}],"version-history":[{"count":1,"href":"https:\/\/radiocresatelital.com\/index.php?rest_route=\/wp\/v2\/posts\/38612\/revisions"}],"predecessor-version":[{"id":38614,"href":"https:\/\/radiocresatelital.com\/index.php?rest_route=\/wp\/v2\/posts\/38612\/revisions\/38614"}],"wp:featuredmedia":[{"embeddable":true,"href":"https:\/\/radiocresatelital.com\/index.php?rest_route=\/wp\/v2\/media\/38613"}],"wp:attachment":[{"href":"https:\/\/radiocresatelital.com\/index.php?rest_route=%2Fwp%2Fv2%2Fmedia&parent=38612"}],"wp:term":[{"taxonomy":"category","embeddable":true,"href":"https:\/\/radiocresatelital.com\/index.php?rest_route=%2Fwp%2Fv2%2Fcategories&post=38612"},{"taxonomy":"post_tag","embeddable":true,"href":"https:\/\/radiocresatelital.com\/index.php?rest_route=%2Fwp%2Fv2%2Ftags&post=38612"}],"curies":[{"name":"wp","href":"https:\/\/api.w.org\/{rel}","templated":true}]}}