{"id":38600,"date":"2025-10-06T20:11:20","date_gmt":"2025-10-06T20:11:20","guid":{"rendered":"https:\/\/radiocresatelital.com\/?p=38600"},"modified":"2025-10-06T20:13:47","modified_gmt":"2025-10-06T20:13:47","slug":"cuna-de-instituciones-educativas-que-marcaron-generaciones-y-transformaron-al-pais","status":"publish","type":"post","link":"https:\/\/radiocresatelital.com\/?p=38600","title":{"rendered":"Cuna de instituciones educativas que marcaron generaciones y transformaron al pa\u00eds"},"content":{"rendered":"<p>Guayaquil.- A lo largo de dos siglos, Guayaquil ha sido referente en educaci\u00f3n: impuls\u00f3 la primera universidad de la Costa, abri\u00f3 camino a reformas acad\u00e9micas trascendentales, dio vida a colegios emblem\u00e1ticos y consolid\u00f3 universidades pioneras en innovaci\u00f3n. Su aporte marc\u00f3 generaciones y sigue proyect\u00e1ndose al futuro.<\/p>\n<p>La fundaci\u00f3n de la Universidad de Guayaquil en 1867 represent\u00f3 un hito al convertirse en la primera instituci\u00f3n de educaci\u00f3n superior de la Costa, equilibrando la oferta universitaria frente a Quito y permitiendo el acceso a miles de estudiantes que antes deb\u00edan trasladarse a la Sierra. D\u00e9cadas m\u00e1s tarde, tambi\u00e9n se convirti\u00f3 en pionera en la implementaci\u00f3n de las reformas universitarias iniciadas en 1918 en Argentina: el cogobierno estudiantil y a la libertad de c\u00e1tedra, principios que luego se expandieron a otras universidades del pa\u00eds.<\/p>\n<p>La ciudad vio nacer colegios y unidades educativas que marcaron \u00e9pocas, como el Colegio La Salle (1910), el Crist\u00f3bal Col\u00f3n (1911) y el Guayaquil (1937), que aportaron con l\u00edderes en pol\u00edtica, cultura y econom\u00eda. Por las aulas del Colegio Vicente Rocafuerte, fundado en 1841, pasaron 19 presidentes de la Rep\u00fablica, entre ellos Jaime Rold\u00f3s Aguilera y Carlos Julio Arosemena Monroy. Tambi\u00e9n se formaron referentes literarios como Medardo \u00c1ngel Silva, poeta del Grupo de Guayaquil.<\/p>\n<p>A comienzos del siglo XX, cuando la educaci\u00f3n femenina en Guayaquil ten\u00eda pocas opciones m\u00e1s all\u00e1 de la primaria, surgieron dos instituciones que marcaron un hito: el Colegio de la Inmaculada (1900), fundado por las Hermanas de la Providencia, y el Colegio Rita Lecumberri (1906). Ambas instituciones consolidaron la presencia de la mujer en la<br \/>\neducaci\u00f3n secundaria.<\/p>\n<p>El liderazgo educativo de Guayaquil se mantiene vigente con universidades que trascienden fronteras. La Escuela Superior Polit\u00e9cnica del Litoral (ESPOL) fue reconocida en 2022, 2023 y 2024 como la n\u00famero uno del Ecuador en el SCImago Institutions Rankings, gracias a su producci\u00f3n cient\u00edfica, proyectos de innovaci\u00f3n y estrecha relaci\u00f3n entre academia e industria.<\/p>\n<p>En la actualidad, el Municipio de Guayaquil refuerza este legado con programas que ampl\u00edan el acceso al aprendizaje y promueven la inclusi\u00f3n social. El plan Ed\u00facate Guayaquil ha entregado m\u00e1s de 760.000 libros gratuitos en los \u00faltimos dos a\u00f1os, beneficiando a miles de estudiantes. Asimismo, el Centro Municipal de Apoyo para Personas con Discapacidad Visual \u201cCuatro de Enero\u201d brinda terapias integrales y programas de autonom\u00eda a ni\u00f1os, fortaleciendo su formaci\u00f3n acad\u00e9mica y su participaci\u00f3n en la comunidad.<\/p>\n<p>Es as\u00ed como Guayaquil ha forjado un legado que, m\u00e1s all\u00e1 de las aulas, trasciende generaciones y reafirma su aporte en el desarrollo del pa\u00eds<\/p>\n","protected":false},"excerpt":{"rendered":"<p>Guayaquil.- A lo largo de dos siglos, Guayaquil ha sido referente en educaci\u00f3n: impuls\u00f3 la primera universidad de la Costa, abri\u00f3 camino a reformas acad\u00e9micas trascendentales, dio vida a colegios emblem\u00e1ticos y consolid\u00f3 universidades pioneras en innovaci\u00f3n. Su aporte marc\u00f3 generaciones y sigue proyect\u00e1ndose al futuro. La fundaci\u00f3n de la Universidad de Guayaquil en 1867 [&hellip;]<\/p>\n","protected":false},"author":2,"featured_media":38601,"comment_status":"open","ping_status":"closed","sticky":false,"template":"","format":"standard","meta":{"_jetpack_memberships_contains_paid_content":false,"footnotes":""},"categories":[33,13],"tags":[26],"class_list":["post-38600","post","type-post","status-publish","format-standard","has-post-thumbnail","hentry","category-guayaquil","category-noticias-nacionales","tag-guayaquil"],"jetpack_featured_media_url":"https:\/\/radiocresatelital.com\/wp-content\/uploads\/2025\/10\/Guayaquil-es-grande-por-la-educacio_n_COLEGIO-GUAYAQUIL-1-scaled.jpg","jetpack_sharing_enabled":true,"_links":{"self":[{"href":"https:\/\/radiocresatelital.com\/index.php?rest_route=\/wp\/v2\/posts\/38600","targetHints":{"allow":["GET"]}}],"collection":[{"href":"https:\/\/radiocresatelital.com\/index.php?rest_route=\/wp\/v2\/posts"}],"about":[{"href":"https:\/\/radiocresatelital.com\/index.php?rest_route=\/wp\/v2\/types\/post"}],"author":[{"embeddable":true,"href":"https:\/\/radiocresatelital.com\/index.php?rest_route=\/wp\/v2\/users\/2"}],"replies":[{"embeddable":true,"href":"https:\/\/radiocresatelital.com\/index.php?rest_route=%2Fwp%2Fv2%2Fcomments&post=38600"}],"version-history":[{"count":1,"href":"https:\/\/radiocresatelital.com\/index.php?rest_route=\/wp\/v2\/posts\/38600\/revisions"}],"predecessor-version":[{"id":38602,"href":"https:\/\/radiocresatelital.com\/index.php?rest_route=\/wp\/v2\/posts\/38600\/revisions\/38602"}],"wp:featuredmedia":[{"embeddable":true,"href":"https:\/\/radiocresatelital.com\/index.php?rest_route=\/wp\/v2\/media\/38601"}],"wp:attachment":[{"href":"https:\/\/radiocresatelital.com\/index.php?rest_route=%2Fwp%2Fv2%2Fmedia&parent=38600"}],"wp:term":[{"taxonomy":"category","embeddable":true,"href":"https:\/\/radiocresatelital.com\/index.php?rest_route=%2Fwp%2Fv2%2Fcategories&post=38600"},{"taxonomy":"post_tag","embeddable":true,"href":"https:\/\/radiocresatelital.com\/index.php?rest_route=%2Fwp%2Fv2%2Ftags&post=38600"}],"curies":[{"name":"wp","href":"https:\/\/api.w.org\/{rel}","templated":true}]}}