{"id":38593,"date":"2025-10-06T19:02:27","date_gmt":"2025-10-06T19:02:27","guid":{"rendered":"https:\/\/radiocresatelital.com\/?p=38593"},"modified":"2025-10-06T19:03:07","modified_gmt":"2025-10-06T19:03:07","slug":"esculturas-emblematicas-renuevan-la-relacion-entre-la-ciudad-y-su-naturaleza","status":"publish","type":"post","link":"https:\/\/radiocresatelital.com\/?p=38593","title":{"rendered":"Esculturas emblem\u00e1ticas renuevan la relaci\u00f3n entre la ciudad y su naturaleza"},"content":{"rendered":"<p>Guayaquil.- En rotondas, avenidas y espacios comerciales de Guayaquil, cuatro esculturas revestidas de cer\u00e1mica y cemento rinden homenaje a la flora y fauna porte\u00f1a.<\/p>\n<p>Creaciones del escultor Juan S\u00e1nchez Andrade, oriundo de Cotacachi, el Papagayo, el Mono Mach\u00edn, la Iguana y la Orqu\u00eddea se han convertido en verdaderos hitos urbanos que invitan a reconectarse con la naturaleza que identifica a la ciudad.<\/p>\n<p>Conductores y peatones suelen detenerse para fotografiarlas, cumpliendo as\u00ed su papel como referentes visuales y cotidianos. Su presencia transforma la experiencia urbana en un recorrido art\u00edstico que combina identidad, color y reflexi\u00f3n ambiental.<\/p>\n<p>En la avenida Benjam\u00edn Carri\u00f3n, el Papagayo con su plumaje de cer\u00e1mica como un vigilante multicolor del tr\u00e1nsito. Su silueta, visible a la distancia, convierte la rutina en espect\u00e1culo y recuerda que la fauna aut\u00f3ctona tambi\u00e9n merece un lugar en la ciudad.<\/p>\n<p>Su escala monumental y su piel de mosaico son un homenaje a la fragilidad de la naturaleza y a la resiliencia colectiva que caracteriza a los guayaquile\u00f1os.<\/p>\n<p>El Mono Mach\u00edn, suspendido entre tallos en el t\u00fanel del Cerro del Carmen, es visible desde la calle Juan Javier Marcos hacia Boyac\u00e1. Su pose l\u00fadica rompe la monoton\u00eda del tr\u00e1fico y arranca sonrisas a quienes transitan por el lugar. Esta escultura alude a la fauna que alguna vez habit\u00f3 los cerros y a la picard\u00eda guayaquile\u00f1a; su gesto juguet\u00f3n<br \/>\nrefuerza el orgullo local y evoca los ecosistemas que a\u00fan sobreviven cerca de la urbe.<\/p>\n<p>En Aventura Plaza, sobre la avenida Las Monjas, sector de Urdesa, la Iguana despliega su textura escamosa a trav\u00e9s de fragmentos de cer\u00e1mica que se integran al paisaje comercial y residencial. Punto de encuentro para fotos familiares, recorridos escolares y paseos cotidianos, convierte el entorno urbano en un museo viviente donde la observaci\u00f3n casual se transforma en aprendizaje. Este reptil, s\u00edmbolo de adaptaci\u00f3n, recuerda la capacidad de convivir con el calor de la ciudad y de fundirse entre lo natural y lo construido.<\/p>\n<p>Visible desde la avenida Francisco de Orellana, la Orqu\u00eddea florece entre el tr\u00e1nsito como una pausa visual. En el barrio que lleva su nombre, su silueta elegante invita a detenerse, respirar y reconocer la belleza cotidiana. Es un faro de identidad que transmite diversidad, cuidado ecol\u00f3gico y orgullo por lo propio.<\/p>\n<p>El mantenimiento estas esculturas est\u00e1 a cargo de la Empresa P\u00fablica Parques EP del Municipio de Guayaquil, que garantiza su conservaci\u00f3n y atractivo como parte del patrimonio urbano. M\u00e1s que obras decorativas, estas esculturas son fragmentos de una historia viva: recuerdan que la identidad porte\u00f1a se construye tambi\u00e9n con naturaleza, arte y memoria. En cada trayecto, invitan a detenerse, mirar distinto y celebrar la vida que a\u00fan habita en la ciudad.<\/p>\n","protected":false},"excerpt":{"rendered":"<p>Guayaquil.- En rotondas, avenidas y espacios comerciales de Guayaquil, cuatro esculturas revestidas de cer\u00e1mica y cemento rinden homenaje a la flora y fauna porte\u00f1a. Creaciones del escultor Juan S\u00e1nchez Andrade, oriundo de Cotacachi, el Papagayo, el Mono Mach\u00edn, la Iguana y la Orqu\u00eddea se han convertido en verdaderos hitos urbanos que invitan a reconectarse con [&hellip;]<\/p>\n","protected":false},"author":2,"featured_media":38594,"comment_status":"open","ping_status":"closed","sticky":false,"template":"","format":"standard","meta":{"_jetpack_memberships_contains_paid_content":false,"footnotes":""},"categories":[33,13],"tags":[6101],"class_list":["post-38593","post","type-post","status-publish","format-standard","has-post-thumbnail","hentry","category-guayaquil","category-noticias-nacionales","tag-avenidas-y-espacios-comerciales-de-guayaquil"],"jetpack_featured_media_url":"https:\/\/radiocresatelital.com\/wp-content\/uploads\/2025\/10\/DSC_4656-scaled.jpg","jetpack_sharing_enabled":true,"_links":{"self":[{"href":"https:\/\/radiocresatelital.com\/index.php?rest_route=\/wp\/v2\/posts\/38593","targetHints":{"allow":["GET"]}}],"collection":[{"href":"https:\/\/radiocresatelital.com\/index.php?rest_route=\/wp\/v2\/posts"}],"about":[{"href":"https:\/\/radiocresatelital.com\/index.php?rest_route=\/wp\/v2\/types\/post"}],"author":[{"embeddable":true,"href":"https:\/\/radiocresatelital.com\/index.php?rest_route=\/wp\/v2\/users\/2"}],"replies":[{"embeddable":true,"href":"https:\/\/radiocresatelital.com\/index.php?rest_route=%2Fwp%2Fv2%2Fcomments&post=38593"}],"version-history":[{"count":2,"href":"https:\/\/radiocresatelital.com\/index.php?rest_route=\/wp\/v2\/posts\/38593\/revisions"}],"predecessor-version":[{"id":38596,"href":"https:\/\/radiocresatelital.com\/index.php?rest_route=\/wp\/v2\/posts\/38593\/revisions\/38596"}],"wp:featuredmedia":[{"embeddable":true,"href":"https:\/\/radiocresatelital.com\/index.php?rest_route=\/wp\/v2\/media\/38594"}],"wp:attachment":[{"href":"https:\/\/radiocresatelital.com\/index.php?rest_route=%2Fwp%2Fv2%2Fmedia&parent=38593"}],"wp:term":[{"taxonomy":"category","embeddable":true,"href":"https:\/\/radiocresatelital.com\/index.php?rest_route=%2Fwp%2Fv2%2Fcategories&post=38593"},{"taxonomy":"post_tag","embeddable":true,"href":"https:\/\/radiocresatelital.com\/index.php?rest_route=%2Fwp%2Fv2%2Ftags&post=38593"}],"curies":[{"name":"wp","href":"https:\/\/api.w.org\/{rel}","templated":true}]}}