{"id":38583,"date":"2025-10-06T18:32:02","date_gmt":"2025-10-06T18:32:02","guid":{"rendered":"https:\/\/radiocresatelital.com\/?p=38583"},"modified":"2025-10-06T18:32:02","modified_gmt":"2025-10-06T18:32:02","slug":"gobierno-nacional-fortalece-la-seguridad-de-la-infraestructura-petrolera-y-amplia-la-proteccion-social-para-14-687-adultos-mayores","status":"publish","type":"post","link":"https:\/\/radiocresatelital.com\/?p=38583","title":{"rendered":"Gobierno Nacional fortalece la seguridad de la infraestructura petrolera y ampl\u00eda la protecci\u00f3n social para 14.687 adultos mayores"},"content":{"rendered":"<p>Quito.- Desde el Palacio de Carondelet, la portavoz oficial Carolina Jaramillo Garc\u00e9s anunci\u00f3 dos acciones del Gobierno Nacional: la ampliaci\u00f3n de la franja de protecci\u00f3n del SOTE y del Poliducto Shushufindi\u2013Quito, de 70 a 140 metros, y la incorporaci\u00f3n de 14.687 adultos mayores como nuevos beneficiarios de bonos y pensiones.<\/p>\n<p>En relaci\u00f3n con el sistema petrolero, un pilar de la econom\u00eda nacional, Jaramillo inform\u00f3 que mediante Petroecuador se ampli\u00f3 la franja de protecci\u00f3n del SOTE y del Poliducto Shushufindi\u2013 Quito frente al proceso erosivo del r\u00edo Loco. \u201cCon esta ampliaci\u00f3n aseguramos la estabilidad operativa de las tuber\u00edas y, por tanto, la continuidad en el transporte de petr\u00f3leo y combustibles\u201d, a\u00f1adi\u00f3.<\/p>\n<p>Esta medida preventiva responde a las complejas condiciones clim\u00e1ticas de la zona y a la posibilidad del aumento de los caudales de los r\u00edos Coca y Loco. La ejecuci\u00f3n de las obras se llev\u00f3 a cabo bajo un plan t\u00e9cnico de tres etapas, gracias al trabajo coordinado entre Petroecuador, la Corporaci\u00f3n El\u00e9ctrica del Ecuador (CELEC) y OCP Ecuador.<\/p>\n<p>En materia social, la portavoz destac\u00f3 que, mediante el plan de redistribuci\u00f3n de recursos que impulsa el presidente Daniel Noboa Azin, desde el 1 de octubre, 14.687 personas adultas mayores en situaci\u00f3n de vulnerabilidad se incorporaron como beneficiarias del Bono de Desarrollo Humano. El prop\u00f3sito es garantizarles una vida digna basada en la equidad y la justicia social.<\/p>\n<p>Entre diciembre de 2023 y septiembre de 2025, el Ejecutivo ha destinado USD 631 millones al pago de pensiones para este grupo poblacional. Solo en Quito, la inversi\u00f3n alcanza los USD 29,9 millones en ese mismo periodo.<\/p>\n<p>\u201cEstas acciones consolidan el piso de protecci\u00f3n social del Nuevo Ecuador, un modelo de gesti\u00f3n que busca que m\u00e1s familias y personas en situaci\u00f3n de pobreza o pobreza extrema cuenten con un aporte econ\u00f3mico mensual, seguro y directo\u201d, se\u00f1al\u00f3 Jaramillo.<\/p>\n<p>Por otro lado, a la fecha se brinda atenci\u00f3n integral a 112.470 adultos mayores a escala nacional, a trav\u00e9s de cuatro modalidades de servicio: residencial, domiciliar, diurna y espacios de socializaci\u00f3n y encuentro. Para ello, el Gobierno ha invertido m\u00e1s de USD 95 millones.<\/p>\n<p>Estas decisiones reflejan la visi\u00f3n del presidente Daniel Noboa Azin de construir un Nuevo Ecuador que prioriza el bienestar de la gente. Su gesti\u00f3n avanza con firmeza hacia un Estado moderno y eficiente, que protege sus recursos estrat\u00e9gicos y garantiza que los beneficios del desarrollo lleguen directamente a quienes m\u00e1s lo necesitan.<\/p>\n","protected":false},"excerpt":{"rendered":"<p>Quito.- Desde el Palacio de Carondelet, la portavoz oficial Carolina Jaramillo Garc\u00e9s anunci\u00f3 dos acciones del Gobierno Nacional: la ampliaci\u00f3n de la franja de protecci\u00f3n del SOTE y del Poliducto Shushufindi\u2013Quito, de 70 a 140 metros, y la incorporaci\u00f3n de 14.687 adultos mayores como nuevos beneficiarios de bonos y pensiones. En relaci\u00f3n con el sistema [&hellip;]<\/p>\n","protected":false},"author":2,"featured_media":38584,"comment_status":"open","ping_status":"closed","sticky":false,"template":"","format":"standard","meta":{"_jetpack_memberships_contains_paid_content":false,"footnotes":""},"categories":[13],"tags":[4849],"class_list":["post-38583","post","type-post","status-publish","format-standard","has-post-thumbnail","hentry","category-noticias-nacionales","tag-carolina-jaramillo-garces"],"jetpack_featured_media_url":"https:\/\/radiocresatelital.com\/wp-content\/uploads\/2025\/10\/54835435437_06f6a59bd5_c.jpg","jetpack_sharing_enabled":true,"_links":{"self":[{"href":"https:\/\/radiocresatelital.com\/index.php?rest_route=\/wp\/v2\/posts\/38583","targetHints":{"allow":["GET"]}}],"collection":[{"href":"https:\/\/radiocresatelital.com\/index.php?rest_route=\/wp\/v2\/posts"}],"about":[{"href":"https:\/\/radiocresatelital.com\/index.php?rest_route=\/wp\/v2\/types\/post"}],"author":[{"embeddable":true,"href":"https:\/\/radiocresatelital.com\/index.php?rest_route=\/wp\/v2\/users\/2"}],"replies":[{"embeddable":true,"href":"https:\/\/radiocresatelital.com\/index.php?rest_route=%2Fwp%2Fv2%2Fcomments&post=38583"}],"version-history":[{"count":1,"href":"https:\/\/radiocresatelital.com\/index.php?rest_route=\/wp\/v2\/posts\/38583\/revisions"}],"predecessor-version":[{"id":38585,"href":"https:\/\/radiocresatelital.com\/index.php?rest_route=\/wp\/v2\/posts\/38583\/revisions\/38585"}],"wp:featuredmedia":[{"embeddable":true,"href":"https:\/\/radiocresatelital.com\/index.php?rest_route=\/wp\/v2\/media\/38584"}],"wp:attachment":[{"href":"https:\/\/radiocresatelital.com\/index.php?rest_route=%2Fwp%2Fv2%2Fmedia&parent=38583"}],"wp:term":[{"taxonomy":"category","embeddable":true,"href":"https:\/\/radiocresatelital.com\/index.php?rest_route=%2Fwp%2Fv2%2Fcategories&post=38583"},{"taxonomy":"post_tag","embeddable":true,"href":"https:\/\/radiocresatelital.com\/index.php?rest_route=%2Fwp%2Fv2%2Ftags&post=38583"}],"curies":[{"name":"wp","href":"https:\/\/api.w.org\/{rel}","templated":true}]}}