{"id":38577,"date":"2025-10-06T00:52:12","date_gmt":"2025-10-06T00:52:12","guid":{"rendered":"https:\/\/radiocresatelital.com\/?p=38577"},"modified":"2025-10-06T00:52:24","modified_gmt":"2025-10-06T00:52:24","slug":"desfile-de-carros-alegoricos-lleno-de-alegria-el-corazon-de-miles-de-familias","status":"publish","type":"post","link":"https:\/\/radiocresatelital.com\/?p=38577","title":{"rendered":"Desfile de carros aleg\u00f3ricos llen\u00f3 de alegr\u00eda el coraz\u00f3n de miles de familias"},"content":{"rendered":"<p>Guayaquil.- El Bulevar 9 de Octubre se llen\u00f3 de m\u00fasica, danza y color durante el Desfile Art\u00edstico Guayaquil Independiente, que reuni\u00f3 a 5.000 participantes para celebrar los 205 a\u00f1os de Independencia de la Perla del Pac\u00edfico.<\/p>\n<p>Desde las 16:00, el Parque Centenario se llen\u00f3 de entusiasmo mientras los siete bloques del desfile avanzaban por la avenida 9 de Octubre hasta la calle V\u00edctor Manuel Rend\u00f3n y el Malec\u00f3n 2000. Bandas musicales, grupos folcl\u00f3ricos, academias de danza y estudiantes sorprendieron con su talento y energ\u00eda.<\/p>\n<p>Entre las agrupaciones participantes estuvieron el Grupo Art\u00edstico Independiente Unificado Familia Gaitas Ecuador, Grupo Art\u00edstico Independiente Arte Latino, y unidades educativas como San Francisco de As\u00eds, 9 de Octubre, Alfredo Baquerizo Moreno, Monse\u00f1or N\u00e9stor Astudillo y Huancavilca.<\/p>\n<p>El desfile cont\u00f3 con siete carros aleg\u00f3ricos que representaron \u00edconos de la ciudad, como la Torre Morisca, el Hemiciclo de la Rotonda, el Acta de Independencia de Guayaquil, el monumento a Olmedo y la embarcaci\u00f3n Henry Morgan. Cada carro, junto con un veh\u00edculo tuning que a\u00f1adi\u00f3 un toque moderno, reflej\u00f3 de la historia y el orgullo de Guayaquil, capturando la atenci\u00f3n de los espectadores. Adem\u00e1s, grupos de baile extranjeros homenajearon a la ciudad con ritmos tradicionales de Per\u00fa, Venezuela y Colombia.<\/p>\n<p>El p\u00fablico tambi\u00e9n valor\u00f3 la creatividad y el detalle de las representaciones. \u201cMe parece maravilloso, est\u00e1 el desfile espectacular (\u2026) me parecen bonitos los carros aleg\u00f3ricos porque cada uno hace una representaci\u00f3n (\u2026) estamos celebrando los 205 a\u00f1os de independencia de nuestra amada ciudad\u201d, se\u00f1al\u00f3 Consuelo Carvajal. Por su parte, Mirian C\u00f3rdova destac\u00f3 la participaci\u00f3n de personas de la tercera edad en bailes tradicionales. \u201cYo me siento orgullosa siendo de Guayaquil, Viva Guayaquil, tenemos que celebrar por todo lo alto\u201d, enfatiz\u00f3.<\/p>\n<p>Alrededor de las 18:00, el alcalde Aquiles Alvarez lleg\u00f3 al desfile, salud\u00f3 a los asistentes y se tom\u00f3 fotograf\u00edas con ellos. La seguridad y el orden del evento estuvieron a cargo de la Cruz Roja, el Benem\u00e9rito Cuerpo de Bomberos, la Polic\u00eda Nacional del Ecuador, Segura EP y los Agentes de Control Municipal.<\/p>\n","protected":false},"excerpt":{"rendered":"<p>Guayaquil.- El Bulevar 9 de Octubre se llen\u00f3 de m\u00fasica, danza y color durante el Desfile Art\u00edstico Guayaquil Independiente, que reuni\u00f3 a 5.000 participantes para celebrar los 205 a\u00f1os de Independencia de la Perla del Pac\u00edfico. Desde las 16:00, el Parque Centenario se llen\u00f3 de entusiasmo mientras los siete bloques del desfile avanzaban por la [&hellip;]<\/p>\n","protected":false},"author":2,"featured_media":38578,"comment_status":"open","ping_status":"closed","sticky":false,"template":"","format":"standard","meta":{"_jetpack_memberships_contains_paid_content":false,"footnotes":""},"categories":[33,13],"tags":[6100],"class_list":["post-38577","post","type-post","status-publish","format-standard","has-post-thumbnail","hentry","category-guayaquil","category-noticias-nacionales","tag-desfile-artistico-guayaquil-independiente"],"jetpack_featured_media_url":"https:\/\/radiocresatelital.com\/wp-content\/uploads\/2025\/10\/01-2-scaled.jpeg","jetpack_sharing_enabled":true,"_links":{"self":[{"href":"https:\/\/radiocresatelital.com\/index.php?rest_route=\/wp\/v2\/posts\/38577","targetHints":{"allow":["GET"]}}],"collection":[{"href":"https:\/\/radiocresatelital.com\/index.php?rest_route=\/wp\/v2\/posts"}],"about":[{"href":"https:\/\/radiocresatelital.com\/index.php?rest_route=\/wp\/v2\/types\/post"}],"author":[{"embeddable":true,"href":"https:\/\/radiocresatelital.com\/index.php?rest_route=\/wp\/v2\/users\/2"}],"replies":[{"embeddable":true,"href":"https:\/\/radiocresatelital.com\/index.php?rest_route=%2Fwp%2Fv2%2Fcomments&post=38577"}],"version-history":[{"count":1,"href":"https:\/\/radiocresatelital.com\/index.php?rest_route=\/wp\/v2\/posts\/38577\/revisions"}],"predecessor-version":[{"id":38579,"href":"https:\/\/radiocresatelital.com\/index.php?rest_route=\/wp\/v2\/posts\/38577\/revisions\/38579"}],"wp:featuredmedia":[{"embeddable":true,"href":"https:\/\/radiocresatelital.com\/index.php?rest_route=\/wp\/v2\/media\/38578"}],"wp:attachment":[{"href":"https:\/\/radiocresatelital.com\/index.php?rest_route=%2Fwp%2Fv2%2Fmedia&parent=38577"}],"wp:term":[{"taxonomy":"category","embeddable":true,"href":"https:\/\/radiocresatelital.com\/index.php?rest_route=%2Fwp%2Fv2%2Fcategories&post=38577"},{"taxonomy":"post_tag","embeddable":true,"href":"https:\/\/radiocresatelital.com\/index.php?rest_route=%2Fwp%2Fv2%2Ftags&post=38577"}],"curies":[{"name":"wp","href":"https:\/\/api.w.org\/{rel}","templated":true}]}}