{"id":38558,"date":"2025-10-05T23:47:12","date_gmt":"2025-10-05T23:47:12","guid":{"rendered":"https:\/\/radiocresatelital.com\/?p=38558"},"modified":"2025-10-05T23:47:12","modified_gmt":"2025-10-05T23:47:12","slug":"mas-de-2-mil-atletas-participaron-en-la-tradicional-maraton-de-guayaquil","status":"publish","type":"post","link":"https:\/\/radiocresatelital.com\/?p=38558","title":{"rendered":"M\u00e1s de 2 mil atletas participaron en la tradicional Marat\u00f3n de Guayaquil"},"content":{"rendered":"<p>Guayaquil.- Este domingo 5 de octubre de 2025, la ciudad vivi\u00f3 una jornada atl\u00e9tica de alto nivel con la tradicional Marat\u00f3n de Guayaquil, que reuni\u00f3 a 2.341 atletas de la urbe porte\u00f1a, otras ciudades del pa\u00eds y competidores internacionales. La competencia, que se celebra desde 2005 cada primer domingo de octubre en el marco de las fiestas octubrinas, reafirma el compromiso de la ciudad con la promoci\u00f3n del deporte como pol\u00edtica p\u00fablica. Este evento, adem\u00e1s, fortalece la proyecci\u00f3n de la Perla del Pac\u00edfico como Capital Americana del Deporte 2026.<\/p>\n<p>La marat\u00f3n cont\u00f3 con cuatro categor\u00edas \u20145K, 12K, 21K y 42K\u2014, todas con salida y llegada en los exteriores del Municipio de Guayaquil, en la intersecci\u00f3n de las calles Rep\u00fablica de Guayaquil y Pichincha. La ruta ofreci\u00f3 un recorrido seguro y competitivo para los atletas, mientras que el certamen, avalado por la World Athletics, mantiene su estatus de clasificatorio oficial para la Marat\u00f3n de Boston, consolidando su posici\u00f3n dentro de los calendarios deportivos internacionales.<\/p>\n<p>\u00c1ngela Brito, profesora de educaci\u00f3n f\u00edsica y entrenadora de atletismo, regres\u00f3 a la marat\u00f3n tras dos a\u00f1os de pausa por lesiones y expres\u00f3 su emoci\u00f3n por volver al podio:<\/p>\n<p>\u201cEstoy muy emocionada por volver a conseguir podio. Esta es mi marat\u00f3n n\u00famero 30, he ganado en dos ocasiones y esta ser\u00eda mi tercera victoria en la Marat\u00f3n de Guayaquil. (\u2026) Me alegra mucho que el Municipio apoye este tipo<br \/>\nde eventos, sobre todo porque permiten dar a conocer la hermosa ciudad que tenemos; recorrer los lugares m\u00e1s tur\u00edsticos es muy emocionante\u201d.<\/p>\n<p>A continuaci\u00f3n, se detallan los resultados oficiales de la competencia por categor\u00edas y ramas:<br \/>\n<strong>Categor\u00eda 5K \u2013 Hombres<\/strong><br \/>\n1. Jos\u00e9 Cede\u00f1o<br \/>\n2. Erick Manangon<br \/>\n3. Jos\u00e9 Torres<\/p>\n<p><strong>PASA BELLEZA<\/strong><br \/>\nCategor\u00eda 12K \u2013 Hombres<br \/>\n1. Cristhofer \u00c1ngel Troy<br \/>\n2. Rodrigo de la Cruz<br \/>\n3. Alex Yambay<\/p>\n<p><strong>Categor\u00eda 21K \u2013 Hombres<\/strong><br \/>\n1. Carlos Pe\u00f1afiel<br \/>\n2. H\u00e9ctor Caza<br \/>\n3. Cristian Conteron<\/p>\n<p><strong>Categor\u00eda 42K \u2013 Hombres<\/strong><br \/>\n1. Demetrio Olmedo<br \/>\n2. Geoffrey Kiptoo<br \/>\n3. Wilmer Palma<\/p>\n<p><strong>Categor\u00eda 5K \u2013 Mujeres<\/strong><br \/>\n1. Katherine Morej\u00f3n<br \/>\n2. Zaida Chamba<br \/>\n3. Mar\u00eda Bel\u00e9n Morej\u00f3n<\/p>\n<p><strong>Categor\u00eda 12K \u2013 Mujeres<\/strong><br \/>\n1. Elisa Naichapi Gabin<br \/>\n2. Ver\u00f3nica Sopalo<br \/>\n3. Beth Baque<\/p>\n<p><strong>Categor\u00eda 21K \u2013 Mujeres<\/strong><br \/>\n1. Erika Pilicita<br \/>\n2. Andrea Ter\u00e1n<br \/>\n3. Gabriela Reinoso<\/p>\n<p><strong>Categor\u00eda 42K \u2013 Mujeres<\/strong><br \/>\n1. \u00c1ngela Brito<br \/>\n2. M\u00f3nica Cajamarca<br \/>\n3. Fancy Jerop<\/p>\n<p>Con eventos como este, la ciudad consolida su posici\u00f3n como epicentro deportivo de la regi\u00f3n, promoviendo la inclusi\u00f3n, la participaci\u00f3n ciudadana y el desarrollo del talento atl\u00e9tico local e internacional. La Marat\u00f3n de Guayaquil 2025 se ratifica as\u00ed como uno de los encuentros m\u00e1s importantes del calendario deportivo nacional, s\u00edmbolo de esfuerzo, orgullo y pasi\u00f3n por el deporte<\/p>\n","protected":false},"excerpt":{"rendered":"<p>Guayaquil.- Este domingo 5 de octubre de 2025, la ciudad vivi\u00f3 una jornada atl\u00e9tica de alto nivel con la tradicional Marat\u00f3n de Guayaquil, que reuni\u00f3 a 2.341 atletas de la urbe porte\u00f1a, otras ciudades del pa\u00eds y competidores internacionales. La competencia, que se celebra desde 2005 cada primer domingo de octubre en el marco de [&hellip;]<\/p>\n","protected":false},"author":2,"featured_media":38559,"comment_status":"open","ping_status":"closed","sticky":false,"template":"","format":"standard","meta":{"_jetpack_memberships_contains_paid_content":false,"footnotes":""},"categories":[9,33,13],"tags":[6061],"class_list":["post-38558","post","type-post","status-publish","format-standard","has-post-thumbnail","hentry","category-deportes","category-guayaquil","category-noticias-nacionales","tag-maraton-de-guayaquil"],"jetpack_featured_media_url":"https:\/\/radiocresatelital.com\/wp-content\/uploads\/2025\/10\/maraton-guayaquil.webp","jetpack_sharing_enabled":true,"_links":{"self":[{"href":"https:\/\/radiocresatelital.com\/index.php?rest_route=\/wp\/v2\/posts\/38558","targetHints":{"allow":["GET"]}}],"collection":[{"href":"https:\/\/radiocresatelital.com\/index.php?rest_route=\/wp\/v2\/posts"}],"about":[{"href":"https:\/\/radiocresatelital.com\/index.php?rest_route=\/wp\/v2\/types\/post"}],"author":[{"embeddable":true,"href":"https:\/\/radiocresatelital.com\/index.php?rest_route=\/wp\/v2\/users\/2"}],"replies":[{"embeddable":true,"href":"https:\/\/radiocresatelital.com\/index.php?rest_route=%2Fwp%2Fv2%2Fcomments&post=38558"}],"version-history":[{"count":1,"href":"https:\/\/radiocresatelital.com\/index.php?rest_route=\/wp\/v2\/posts\/38558\/revisions"}],"predecessor-version":[{"id":38560,"href":"https:\/\/radiocresatelital.com\/index.php?rest_route=\/wp\/v2\/posts\/38558\/revisions\/38560"}],"wp:featuredmedia":[{"embeddable":true,"href":"https:\/\/radiocresatelital.com\/index.php?rest_route=\/wp\/v2\/media\/38559"}],"wp:attachment":[{"href":"https:\/\/radiocresatelital.com\/index.php?rest_route=%2Fwp%2Fv2%2Fmedia&parent=38558"}],"wp:term":[{"taxonomy":"category","embeddable":true,"href":"https:\/\/radiocresatelital.com\/index.php?rest_route=%2Fwp%2Fv2%2Fcategories&post=38558"},{"taxonomy":"post_tag","embeddable":true,"href":"https:\/\/radiocresatelital.com\/index.php?rest_route=%2Fwp%2Fv2%2Ftags&post=38558"}],"curies":[{"name":"wp","href":"https:\/\/api.w.org\/{rel}","templated":true}]}}