{"id":38517,"date":"2025-10-03T20:31:01","date_gmt":"2025-10-03T20:31:01","guid":{"rendered":"https:\/\/radiocresatelital.com\/?p=38517"},"modified":"2025-10-03T21:33:09","modified_gmt":"2025-10-03T21:33:09","slug":"el-padel-rompe-records-en-ecuador-padel-plus-revoluciona-el-deporte-con-el-circuito-copa-hispana","status":"publish","type":"post","link":"https:\/\/radiocresatelital.com\/?p=38517","title":{"rendered":"El p\u00e1del rompe r\u00e9cords en Ecuador: P\u00e1del Plus revoluciona el deporte con el Circuito Copa Hispana"},"content":{"rendered":"<p>Guayaquil.- El p\u00e1del, deporte que ha conquistado a millones de personas en el mundo, vive su momento estelar en Ecuador. Y el nombre detr\u00e1s de esta revoluci\u00f3n es P\u00e1del Plus, empresa que en apenas tres a\u00f1os ha logrado consolidar el Circuito Copa Hispana como el torneo de p\u00e1del m\u00e1s grande, competitivo y espectacular del pa\u00eds.<\/p>\n<p>Llega la 5ta etapa del Circuito Copa Hispana, que se disputar\u00e1 del 20 al 27 de octubre. Ser\u00e1 la \u00faltima parada antes del esperado Master Final de noviembre. Una semana cargada de intensidad, talento y emoci\u00f3n, donde los mejores jugadores del pa\u00eds buscar\u00e1n su lugar en la gran final.<\/p>\n<p>Lo que empez\u00f3 en abril de 2023 con apenas 16 parejas inscritas, hoy re\u00fane a m\u00e1s de 420 jugadores por etapa, provenientes de 9 provincias y con presencia internacional. El fen\u00f3meno es tan masivo que cada fecha convoca a m\u00e1s de 2.500 asistentes y genera miles de reproducciones en YouTube, posicionando a P\u00e1del Plus como el circuito con mayor audiencia digital en Ecuador.<\/p>\n<p><strong>Un modelo de organizaci\u00f3n que marca un antes y un despu\u00e9s<\/strong><\/p>\n<p>Con la organizaci\u00f3n de sus circuitos, P\u00e1del Plus ha marcado un punto de inflexi\u00f3n en el p\u00e1del ecuatoriano. Sus torneos han contribuido al surgimiento de nuevos clubes, al incremento de competencias y a la participaci\u00f3n de un p\u00fablico cada vez m\u00e1s amplio, consolidando a la disciplina como una de las de mayor crecimiento en el pa\u00eds.<\/p>\n<p>La empresa ha dado un paso hist\u00f3rico al organizar en Ecuador los torneos FIP Promises, avalados por la Federaci\u00f3n Internacional de P\u00e1del. Con categor\u00edas desde sub-12 hasta sub-18, cientos de ni\u00f1os y j\u00f3venes han tenido la oportunidad de competir en escenarios profesionales, posicionando al pa\u00eds en el mapa internacional del deporte.<\/p>\n<p>Para el pr\u00f3ximo a\u00f1o, P\u00e1del Plus planea llevar sus circuitos a m\u00e1s provincias, abrir nuevas categor\u00edas y fortalecer sus programas juveniles. Todo con un objetivo claro: que Ecuador siga escribiendo historia como uno de los pa\u00edses con mayor proyecci\u00f3n padelera en la regi\u00f3n.<strong><br \/>\n<\/strong><\/p>\n","protected":false},"excerpt":{"rendered":"<p>Guayaquil.- El p\u00e1del, deporte que ha conquistado a millones de personas en el mundo, vive su momento estelar en Ecuador. Y el nombre detr\u00e1s de esta revoluci\u00f3n es P\u00e1del Plus, empresa que en apenas tres a\u00f1os ha logrado consolidar el Circuito Copa Hispana como el torneo de p\u00e1del m\u00e1s grande, competitivo y espectacular del pa\u00eds. [&hellip;]<\/p>\n","protected":false},"author":2,"featured_media":38518,"comment_status":"open","ping_status":"closed","sticky":false,"template":"","format":"standard","meta":{"_jetpack_memberships_contains_paid_content":false,"footnotes":""},"categories":[9],"tags":[6096,6095],"class_list":["post-38517","post","type-post","status-publish","format-standard","has-post-thumbnail","hentry","category-deportes","tag-circuito-copa-hispana","tag-padel"],"jetpack_featured_media_url":"https:\/\/radiocresatelital.com\/wp-content\/uploads\/2025\/10\/WhatsApp-Image-2025-10-03-at-16.29.53.jpeg","jetpack_sharing_enabled":true,"_links":{"self":[{"href":"https:\/\/radiocresatelital.com\/index.php?rest_route=\/wp\/v2\/posts\/38517","targetHints":{"allow":["GET"]}}],"collection":[{"href":"https:\/\/radiocresatelital.com\/index.php?rest_route=\/wp\/v2\/posts"}],"about":[{"href":"https:\/\/radiocresatelital.com\/index.php?rest_route=\/wp\/v2\/types\/post"}],"author":[{"embeddable":true,"href":"https:\/\/radiocresatelital.com\/index.php?rest_route=\/wp\/v2\/users\/2"}],"replies":[{"embeddable":true,"href":"https:\/\/radiocresatelital.com\/index.php?rest_route=%2Fwp%2Fv2%2Fcomments&post=38517"}],"version-history":[{"count":1,"href":"https:\/\/radiocresatelital.com\/index.php?rest_route=\/wp\/v2\/posts\/38517\/revisions"}],"predecessor-version":[{"id":38519,"href":"https:\/\/radiocresatelital.com\/index.php?rest_route=\/wp\/v2\/posts\/38517\/revisions\/38519"}],"wp:featuredmedia":[{"embeddable":true,"href":"https:\/\/radiocresatelital.com\/index.php?rest_route=\/wp\/v2\/media\/38518"}],"wp:attachment":[{"href":"https:\/\/radiocresatelital.com\/index.php?rest_route=%2Fwp%2Fv2%2Fmedia&parent=38517"}],"wp:term":[{"taxonomy":"category","embeddable":true,"href":"https:\/\/radiocresatelital.com\/index.php?rest_route=%2Fwp%2Fv2%2Fcategories&post=38517"},{"taxonomy":"post_tag","embeddable":true,"href":"https:\/\/radiocresatelital.com\/index.php?rest_route=%2Fwp%2Fv2%2Ftags&post=38517"}],"curies":[{"name":"wp","href":"https:\/\/api.w.org\/{rel}","templated":true}]}}