{"id":38493,"date":"2025-10-03T20:57:02","date_gmt":"2025-10-03T20:57:02","guid":{"rendered":"https:\/\/radiocresatelital.com\/?p=38493"},"modified":"2025-10-03T20:57:02","modified_gmt":"2025-10-03T20:57:02","slug":"emilio-camacho-alcanza-su-primer-titulo-itf-jr-en-dobles-y-va-por-el-de-singles-en-chile","status":"publish","type":"post","link":"https:\/\/radiocresatelital.com\/?p=38493","title":{"rendered":"Emilio Camacho alcanza su primer t\u00edtulo ITF Jr en dobles y va por el de singles en Chile"},"content":{"rendered":"<p>Santiago.- El juvenil ecuatoriano Emilio Camacho suma un nuevo logro en su carrera ten\u00edstica al conseguir en Chile su primer t\u00edtulo en dobles del Circuito Mundial ITF Junior, y adem\u00e1s ma\u00f1ana disputar\u00e1 la final de singles.<\/p>\n<p>Este viernes 3 de octubre, haciendo pareja con el colombiano Juan Miguel Bol\u00edvar, vencieron en la final de dobles del ITF J200 Santiago, al peruano Nicol\u00e1s Baena y al paraguayo \u00c1lvaro Frutos por 1-6, 6-2, (10-7).<\/p>\n<p>Antes, en una re\u00f1ida semifinal de singles, Camacho super\u00f3 al chileno Benjam\u00edn P\u00e9rez, tras levantarse de un set en contra y ganar en tres parciales 5-7, 6-3, 7-5.<\/p>\n<p>Ma\u00f1ana s\u00e1bado (10h30 locales) enfrentar\u00e1 en la final al brasile\u00f1o Leonardo Storck Franca, que llega ganando al paraguayo Alex Santino N\u00fa\u00f1ez por un doble 6-2.<\/p>\n","protected":false},"excerpt":{"rendered":"<p>Santiago.- El juvenil ecuatoriano Emilio Camacho suma un nuevo logro en su carrera ten\u00edstica al conseguir en Chile su primer t\u00edtulo en dobles del Circuito Mundial ITF Junior, y adem\u00e1s ma\u00f1ana disputar\u00e1 la final de singles. Este viernes 3 de octubre, haciendo pareja con el colombiano Juan Miguel Bol\u00edvar, vencieron en la final de dobles [&hellip;]<\/p>\n","protected":false},"author":2,"featured_media":38494,"comment_status":"open","ping_status":"closed","sticky":false,"template":"","format":"standard","meta":{"_jetpack_memberships_contains_paid_content":false,"footnotes":""},"categories":[9,64],"tags":[6091,287],"class_list":["post-38493","post","type-post","status-publish","format-standard","has-post-thumbnail","hentry","category-deportes","category-tenis","tag-circuito-mundial-itf-junior","tag-emilio-camacho"],"jetpack_featured_media_url":"https:\/\/radiocresatelital.com\/wp-content\/uploads\/2025\/10\/WhatsApp-Image-2025-10-03-at-15.48.53.jpeg","jetpack_sharing_enabled":true,"_links":{"self":[{"href":"https:\/\/radiocresatelital.com\/index.php?rest_route=\/wp\/v2\/posts\/38493","targetHints":{"allow":["GET"]}}],"collection":[{"href":"https:\/\/radiocresatelital.com\/index.php?rest_route=\/wp\/v2\/posts"}],"about":[{"href":"https:\/\/radiocresatelital.com\/index.php?rest_route=\/wp\/v2\/types\/post"}],"author":[{"embeddable":true,"href":"https:\/\/radiocresatelital.com\/index.php?rest_route=\/wp\/v2\/users\/2"}],"replies":[{"embeddable":true,"href":"https:\/\/radiocresatelital.com\/index.php?rest_route=%2Fwp%2Fv2%2Fcomments&post=38493"}],"version-history":[{"count":1,"href":"https:\/\/radiocresatelital.com\/index.php?rest_route=\/wp\/v2\/posts\/38493\/revisions"}],"predecessor-version":[{"id":38495,"href":"https:\/\/radiocresatelital.com\/index.php?rest_route=\/wp\/v2\/posts\/38493\/revisions\/38495"}],"wp:featuredmedia":[{"embeddable":true,"href":"https:\/\/radiocresatelital.com\/index.php?rest_route=\/wp\/v2\/media\/38494"}],"wp:attachment":[{"href":"https:\/\/radiocresatelital.com\/index.php?rest_route=%2Fwp%2Fv2%2Fmedia&parent=38493"}],"wp:term":[{"taxonomy":"category","embeddable":true,"href":"https:\/\/radiocresatelital.com\/index.php?rest_route=%2Fwp%2Fv2%2Fcategories&post=38493"},{"taxonomy":"post_tag","embeddable":true,"href":"https:\/\/radiocresatelital.com\/index.php?rest_route=%2Fwp%2Fv2%2Ftags&post=38493"}],"curies":[{"name":"wp","href":"https:\/\/api.w.org\/{rel}","templated":true}]}}