{"id":38480,"date":"2025-10-03T20:29:24","date_gmt":"2025-10-03T20:29:24","guid":{"rendered":"https:\/\/radiocresatelital.com\/?p=38480"},"modified":"2025-10-03T20:29:24","modified_gmt":"2025-10-03T20:29:24","slug":"viceministerio-del-deporte-inaugura-sede-de-la-federacion-ecuatoriana-de-ecuavoley-en-el-historico-coliseo-julio-cesar-hidalgo","status":"publish","type":"post","link":"https:\/\/radiocresatelital.com\/?p=38480","title":{"rendered":"Viceministerio del Deporte inaugura sede de la Federaci\u00f3n Ecuatoriana de Ecuavoley en el hist\u00f3rico Coliseo Julio C\u00e9sar Hidalgo"},"content":{"rendered":"<p>Quito.- En un emotivo acto que destac\u00f3 su trayectoria y logros, la Federaci\u00f3n Ecuatoriana de Ecuavoley recibi\u00f3 oficialmente su sede administrativa. Este espacio, gestionado con el apoyo del Viceministerio del Deporte, funcionar\u00e1 en las instalaciones del emblem\u00e1tico Coliseo Julio C\u00e9sar Hidalgo de la capital.<\/p>\n<p>La ceremonia cont\u00f3 con la presencia de Jos\u00e9 David Jim\u00e9nez, viceministro del Deporte; Romel Gonz\u00e1lez, interventor de la Concentraci\u00f3n Deportiva de Pichincha (CDP); Katty Due\u00f1as, presidenta de la Federaci\u00f3n Ecuatoriana de Ecuavoley, y deportistas, quienes celebraron la importancia de este hito para el desarrollo de la disciplina.<\/p>\n<p>Hace un a\u00f1o, el entonces Ministerio del Deporte otorg\u00f3 la personer\u00eda jur\u00eddica a la federaci\u00f3n, marcando el inicio de su organizaci\u00f3n. Desde entonces, la instituci\u00f3n ha impulsado activamente campeonatos y eventos, como los nacionales realizados recientemente en Quito, fortaleciendo la pr\u00e1ctica del ecuavoley.<\/p>\n<p>El viceministro Jos\u00e9 David Jim\u00e9nez enfatiz\u00f3 el respaldo gubernamental: \u201cEl Gobierno Nacional contin\u00faa respaldando a nuestras federaciones. Darle personer\u00eda jur\u00eddica a la federaci\u00f3n de ecuavoley fue un reto, pero lo hicimos, y esto nos lleva a la entrega de la sede, garantizando espacios adecuados para su funcionamiento\u201d.<\/p>\n<p>Por su parte, Romel Gonz\u00e1lez, de la CDP, se\u00f1al\u00f3 que se entreg\u00f3 \u00abun espacio digno y simb\u00f3lico para la ciudad y el deporte que naci\u00f3 en barrios y que tantas alegr\u00edas nos ha dado. El ecuavoley se merece esto y mucho m\u00e1s\u201d. Para su adecuaci\u00f3n se realizaron mejoras en oficinas, pisos y pintura de un sector del coliseo que se encontraba en desuso.<\/p>\n<p>Actualmente, la Federaci\u00f3n Ecuatoriana de Ecuavoley representa a 42 clubes deportivos, 3 asociaciones provinciales y cuenta con alrededor de 2.500 deportistas a nivel nacional.<\/p>\n<p>Katty Due\u00f1as, presidenta de la federaci\u00f3n, agradeci\u00f3 el apoyo recibido: \u201cDesde el momento en que creamos la federaci\u00f3n, pensamos en cosas grandes y poco a poco lo hemos logrado. Seguiremos promoviendo el ecuavoley como un s\u00edmbolo de identidad cultural y deportiva del pa\u00eds\u201d.<\/p>\n<p>Con esta nueva sede, la federaci\u00f3n contar\u00e1 con un lugar propio para planificar, coordinar y desarrollar acciones que permitan el crecimiento y fortalecimiento continuo de este tradicional deporte ecuatoriano.<\/p>\n","protected":false},"excerpt":{"rendered":"<p>Quito.- En un emotivo acto que destac\u00f3 su trayectoria y logros, la Federaci\u00f3n Ecuatoriana de Ecuavoley recibi\u00f3 oficialmente su sede administrativa. Este espacio, gestionado con el apoyo del Viceministerio del Deporte, funcionar\u00e1 en las instalaciones del emblem\u00e1tico Coliseo Julio C\u00e9sar Hidalgo de la capital. La ceremonia cont\u00f3 con la presencia de Jos\u00e9 David Jim\u00e9nez, viceministro [&hellip;]<\/p>\n","protected":false},"author":2,"featured_media":38481,"comment_status":"open","ping_status":"closed","sticky":false,"template":"","format":"standard","meta":{"_jetpack_memberships_contains_paid_content":false,"footnotes":""},"categories":[9],"tags":[6088,6087],"class_list":["post-38480","post","type-post","status-publish","format-standard","has-post-thumbnail","hentry","category-deportes","tag-coliseo-julio-cesar-hidalgo","tag-federacion-ecuatoriana-de-ecuavoley"],"jetpack_featured_media_url":"https:\/\/radiocresatelital.com\/wp-content\/uploads\/2025\/10\/WhatsApp-Image-2025-10-03-at-11.10.23-1536x1027-1.jpeg","jetpack_sharing_enabled":true,"_links":{"self":[{"href":"https:\/\/radiocresatelital.com\/index.php?rest_route=\/wp\/v2\/posts\/38480","targetHints":{"allow":["GET"]}}],"collection":[{"href":"https:\/\/radiocresatelital.com\/index.php?rest_route=\/wp\/v2\/posts"}],"about":[{"href":"https:\/\/radiocresatelital.com\/index.php?rest_route=\/wp\/v2\/types\/post"}],"author":[{"embeddable":true,"href":"https:\/\/radiocresatelital.com\/index.php?rest_route=\/wp\/v2\/users\/2"}],"replies":[{"embeddable":true,"href":"https:\/\/radiocresatelital.com\/index.php?rest_route=%2Fwp%2Fv2%2Fcomments&post=38480"}],"version-history":[{"count":1,"href":"https:\/\/radiocresatelital.com\/index.php?rest_route=\/wp\/v2\/posts\/38480\/revisions"}],"predecessor-version":[{"id":38482,"href":"https:\/\/radiocresatelital.com\/index.php?rest_route=\/wp\/v2\/posts\/38480\/revisions\/38482"}],"wp:featuredmedia":[{"embeddable":true,"href":"https:\/\/radiocresatelital.com\/index.php?rest_route=\/wp\/v2\/media\/38481"}],"wp:attachment":[{"href":"https:\/\/radiocresatelital.com\/index.php?rest_route=%2Fwp%2Fv2%2Fmedia&parent=38480"}],"wp:term":[{"taxonomy":"category","embeddable":true,"href":"https:\/\/radiocresatelital.com\/index.php?rest_route=%2Fwp%2Fv2%2Fcategories&post=38480"},{"taxonomy":"post_tag","embeddable":true,"href":"https:\/\/radiocresatelital.com\/index.php?rest_route=%2Fwp%2Fv2%2Ftags&post=38480"}],"curies":[{"name":"wp","href":"https:\/\/api.w.org\/{rel}","templated":true}]}}