{"id":38474,"date":"2025-10-03T20:18:24","date_gmt":"2025-10-03T20:18:24","guid":{"rendered":"https:\/\/radiocresatelital.com\/?p=38474"},"modified":"2025-10-03T20:18:51","modified_gmt":"2025-10-03T20:18:51","slug":"el-deporte-es-la-esencia-de-la-grandeza-de-una-ciudad-que-inspira","status":"publish","type":"post","link":"https:\/\/radiocresatelital.com\/?p=38474","title":{"rendered":"El deporte es la esencia de la grandeza de una ciudad que inspira"},"content":{"rendered":"<p>Guayaquil.- Ser Capital Americana del Deporte 2026 es un reconocimiento que refleja una verdad evidente. El deporte es una de las razones que hacen grande a Guayaquil, uniendo tradici\u00f3n, talento y visi\u00f3n de futuro. La Perla del Pac\u00edfico ha sido cuna de atletas que marcaron hitos hist\u00f3ricos y de eventos que consolidaron su imagen como referente nacional e internacional.<\/p>\n<p>El tenis abri\u00f3 camino con Francisco \u201cPancho\u201d Segura Cano, considerado uno de los mejores del siglo XX y n\u00famero uno del mundo profesional en los a\u00f1os cincuenta. Su legado lo continu\u00f3 Andr\u00e9s G\u00f3mez, campe\u00f3n de Roland Garros en 1990, quien adem\u00e1s lidera la organizaci\u00f3n de los ATP Challenger de Guayaquil, torneo internacional que se juega de forma ininterrumpida desde hace m\u00e1s de 20 a\u00f1os con el apoyo del Municipio y la empresa privada, siendo un \u00edcono deportivo de las fiestas octubrinas.<\/p>\n<p>El f\u00fatbol, pasi\u00f3n guayaquile\u00f1a, brilla con el hist\u00f3rico Cl\u00e1sico del Astillero entre Barcelona Sporting Club y Club Sport Emelec. Este 2025 la Alcald\u00eda impuls\u00f3 la Copa del Astillero para revivir esa tradici\u00f3n y fomentar el uso de los espacios p\u00fablicos. El equipo torero marc\u00f3 la historia de la Copa Libertadores llegando a la final en 1990 y 1998, mientras que el bombillo se consolid\u00f3 con su tricampeonato de 2013 a 2015 y la modernizaci\u00f3n de su Estadio George<br \/>\nCapwell.<\/p>\n<p>El b\u00e9isbol tambi\u00e9n forma parte de esa grandeza. Guayaquil es su cuna en Ecuador, con una tradici\u00f3n que se mantiene viva gracias a la Liga de B\u00e9isbol de Miraflores, donde m\u00e1s de 700 j\u00f3venes participan activamente en torneos que fortalecen este deporte tradicional.<\/p>\n<p>La historia deportiva se enriquece con hitos pioneros. Fue la primera ciudad en el pa\u00eds en acoger un mundial de Nataci\u00f3n en 1982. Adem\u00e1s, se convirti\u00f3 en escenario de la primera Liga Nacional de Ecuavoley y sede de la Regata Guayaquil \u2013 Posorja, una de las m\u00e1s largas del mundo con 49 millas n\u00e1uticas que desaf\u00edan r\u00edo y mar.<\/p>\n<p>Hoy, bajo la administraci\u00f3n del alcalde Aquiles Alvarez, el deporte se vive como pol\u00edtica p\u00fablica que llega a m\u00e1s de 83.000 ciudadanos con proyectos como LigaPro Kids, las Escuelas de F\u00fatbol JBG y los Interbarriales\u00a0 multidisciplinarios e Intercolegiales, apoyados adem\u00e1s por el programa social \u201cGuayaca Sport\u201d que garantiza transporte gratuito y seguro para j\u00f3venes deportistas.<\/p>\n<p>Y esa proyecci\u00f3n contin\u00faa. El pr\u00f3ximo 5 de octubre la Marat\u00f3n de Guayaquil reunir\u00e1 a m\u00e1s de 2.500 atletas, consolidando a la ciudad como destino deportivo internacional.<\/p>\n<p>Guayaquil no solo se define por su historia, cultura y tradici\u00f3n. Tambi\u00e9n por su fuerza deportiva. Ser Capital Americana del Deporte 2026 refleja lo que ya es, una ciudad grande porque respira, impulsa y vive el deporte como parte de su identidad.<\/p>\n","protected":false},"excerpt":{"rendered":"<p>Guayaquil.- Ser Capital Americana del Deporte 2026 es un reconocimiento que refleja una verdad evidente. El deporte es una de las razones que hacen grande a Guayaquil, uniendo tradici\u00f3n, talento y visi\u00f3n de futuro. La Perla del Pac\u00edfico ha sido cuna de atletas que marcaron hitos hist\u00f3ricos y de eventos que consolidaron su imagen como [&hellip;]<\/p>\n","protected":false},"author":2,"featured_media":38475,"comment_status":"open","ping_status":"closed","sticky":false,"template":"","format":"standard","meta":{"_jetpack_memberships_contains_paid_content":false,"footnotes":""},"categories":[9,33],"tags":[3938],"class_list":["post-38474","post","type-post","status-publish","format-standard","has-post-thumbnail","hentry","category-deportes","category-guayaquil","tag-capital-americana-del-deporte-2026"],"jetpack_featured_media_url":"https:\/\/radiocresatelital.com\/wp-content\/uploads\/2025\/10\/DSC_0027-scaled.jpg","jetpack_sharing_enabled":true,"_links":{"self":[{"href":"https:\/\/radiocresatelital.com\/index.php?rest_route=\/wp\/v2\/posts\/38474","targetHints":{"allow":["GET"]}}],"collection":[{"href":"https:\/\/radiocresatelital.com\/index.php?rest_route=\/wp\/v2\/posts"}],"about":[{"href":"https:\/\/radiocresatelital.com\/index.php?rest_route=\/wp\/v2\/types\/post"}],"author":[{"embeddable":true,"href":"https:\/\/radiocresatelital.com\/index.php?rest_route=\/wp\/v2\/users\/2"}],"replies":[{"embeddable":true,"href":"https:\/\/radiocresatelital.com\/index.php?rest_route=%2Fwp%2Fv2%2Fcomments&post=38474"}],"version-history":[{"count":1,"href":"https:\/\/radiocresatelital.com\/index.php?rest_route=\/wp\/v2\/posts\/38474\/revisions"}],"predecessor-version":[{"id":38476,"href":"https:\/\/radiocresatelital.com\/index.php?rest_route=\/wp\/v2\/posts\/38474\/revisions\/38476"}],"wp:featuredmedia":[{"embeddable":true,"href":"https:\/\/radiocresatelital.com\/index.php?rest_route=\/wp\/v2\/media\/38475"}],"wp:attachment":[{"href":"https:\/\/radiocresatelital.com\/index.php?rest_route=%2Fwp%2Fv2%2Fmedia&parent=38474"}],"wp:term":[{"taxonomy":"category","embeddable":true,"href":"https:\/\/radiocresatelital.com\/index.php?rest_route=%2Fwp%2Fv2%2Fcategories&post=38474"},{"taxonomy":"post_tag","embeddable":true,"href":"https:\/\/radiocresatelital.com\/index.php?rest_route=%2Fwp%2Fv2%2Ftags&post=38474"}],"curies":[{"name":"wp","href":"https:\/\/api.w.org\/{rel}","templated":true}]}}