{"id":3844,"date":"2023-09-07T19:44:10","date_gmt":"2023-09-07T19:44:10","guid":{"rendered":"https:\/\/radiocresatelital.com\/?p=3844"},"modified":"2023-09-07T19:44:10","modified_gmt":"2023-09-07T19:44:10","slug":"locales-sin-lista-de-precios-sin-bascula-y-sin-factura-fueron-cerrados-durante-operativo-de-control-en-mercado-mayorista-montebello","status":"publish","type":"post","link":"https:\/\/radiocresatelital.com\/?p=3844","title":{"rendered":"Locales sin lista de precios, sin b\u00e1scula y sin factura fueron cerrados durante operativo de control en mercado mayorista Montebello"},"content":{"rendered":"<p>Guayaquil.- Varios locales del Mercado Mayorista Montebello fueron cerrados este 7 de septiembre por el intendente de Polic\u00eda, Jos\u00e9 Andr\u00e9s Ortiz, por incumplir normas. Esto se dio durante el operativo de control de precios que lider\u00f3 la autoridad en un firme compromiso con la protecci\u00f3n de los consumidores y la integridad del comercio en nuestra comunidad.<\/p>\n<p>Acompa\u00f1ado por varios comisarios de polic\u00eda y servidores policiales, Ortiz emprendi\u00f3 un recorrido minucioso por la central de abastos, donde se identific\u00f3 que la lista de precios de referencia no estaba visible para los consumidores, una pr\u00e1ctica que afecta la transparencia del mercado.<\/p>\n<p>As\u00ed tambi\u00e9n los comerciantes no justificaron la procedencia del producto al no presentar la respectiva factura. A ello se suma la ausencia de la b\u00e1scula, y falta de credencial de los propietarios del puesto, por lo cual la \u00a0\u00a0autoridad procedi\u00f3 al cierre de los locales. Esta medida busca fortalecer la legalidad y la responsabilidad en el sector comercial.<\/p>\n<p>Adem\u00e1s, durante la operaci\u00f3n el intendente de Polic\u00eda dispuso a los comerciantes rectificar el precio de productos como el lim\u00f3n, y la cebolla que no coinciden con la lista referencial. Se aprecio hasta un valor de $100 d\u00f3lares el saco de cebolla colorada, su precio referencial est\u00e1 en 65 y 80 d\u00f3lares.<\/p>\n<p>Lo mismo ocurre con el lim\u00f3n que est\u00e1 siendo categorizado. De all\u00ed la diferencia del costo. \u00a0un costo de 62 y 55 d\u00f3lares por saco, respectivamente. Asimismo, los huevos grandes se encuentran a 4,30 d\u00f3lares la cubeta de 30 unidades y los aguacates serranos a 2,00 d\u00f3lares las seis unidades.<\/p>\n<p>Es importante destacar que esta medida de control de precios se lleva a cabo de manera exhaustiva en toda la provincia, demostrando el compromiso de las autoridades con la equidad y el bienestar de la comunidad.<\/p>\n<p>El Intendente Ortiz reafirm\u00f3 su compromiso de continuar velando por la transparencia y la justicia en el comercio local, trabajando en estrecha colaboraci\u00f3n con las fuerzas del orden y los organismos pertinentes para asegurar que los precios se mantengan dentro de los m\u00e1rgenes establecidos por la ley<\/p>\n","protected":false},"excerpt":{"rendered":"<p>Guayaquil.- Varios locales del Mercado Mayorista Montebello fueron cerrados este 7 de septiembre por el intendente de Polic\u00eda, Jos\u00e9 Andr\u00e9s Ortiz, por incumplir normas. Esto se dio durante el operativo de control de precios que lider\u00f3 la autoridad en un firme compromiso con la protecci\u00f3n de los consumidores y la integridad del comercio en nuestra [&hellip;]<\/p>\n","protected":false},"author":2,"featured_media":3845,"comment_status":"open","ping_status":"closed","sticky":false,"template":"","format":"standard","meta":{"_jetpack_memberships_contains_paid_content":false,"footnotes":""},"categories":[13],"tags":[740,741],"class_list":["post-3844","post","type-post","status-publish","format-standard","has-post-thumbnail","hentry","category-noticias-nacionales","tag-mercado-montebello","tag-operativo"],"jetpack_featured_media_url":"https:\/\/radiocresatelital.com\/wp-content\/uploads\/2023\/09\/4c03e74a-e73c-4bb1-b13f-a9eee13f18bc.jpg","jetpack_sharing_enabled":true,"_links":{"self":[{"href":"https:\/\/radiocresatelital.com\/index.php?rest_route=\/wp\/v2\/posts\/3844","targetHints":{"allow":["GET"]}}],"collection":[{"href":"https:\/\/radiocresatelital.com\/index.php?rest_route=\/wp\/v2\/posts"}],"about":[{"href":"https:\/\/radiocresatelital.com\/index.php?rest_route=\/wp\/v2\/types\/post"}],"author":[{"embeddable":true,"href":"https:\/\/radiocresatelital.com\/index.php?rest_route=\/wp\/v2\/users\/2"}],"replies":[{"embeddable":true,"href":"https:\/\/radiocresatelital.com\/index.php?rest_route=%2Fwp%2Fv2%2Fcomments&post=3844"}],"version-history":[{"count":1,"href":"https:\/\/radiocresatelital.com\/index.php?rest_route=\/wp\/v2\/posts\/3844\/revisions"}],"predecessor-version":[{"id":3846,"href":"https:\/\/radiocresatelital.com\/index.php?rest_route=\/wp\/v2\/posts\/3844\/revisions\/3846"}],"wp:featuredmedia":[{"embeddable":true,"href":"https:\/\/radiocresatelital.com\/index.php?rest_route=\/wp\/v2\/media\/3845"}],"wp:attachment":[{"href":"https:\/\/radiocresatelital.com\/index.php?rest_route=%2Fwp%2Fv2%2Fmedia&parent=3844"}],"wp:term":[{"taxonomy":"category","embeddable":true,"href":"https:\/\/radiocresatelital.com\/index.php?rest_route=%2Fwp%2Fv2%2Fcategories&post=3844"},{"taxonomy":"post_tag","embeddable":true,"href":"https:\/\/radiocresatelital.com\/index.php?rest_route=%2Fwp%2Fv2%2Ftags&post=3844"}],"curies":[{"name":"wp","href":"https:\/\/api.w.org\/{rel}","templated":true}]}}